{"id":15267,"date":"2025-01-24T17:00:06","date_gmt":"2025-01-24T23:00:06","guid":{"rendered":"https:\/\/zonalimitrofe-cbnr.com\/?p=15267"},"modified":"2025-01-24T17:00:06","modified_gmt":"2025-01-24T23:00:06","slug":"gp-ninos-y-adolescentes-con-sindrome-de-down-y-discapacidad-intelectual-pueden-integrarse-a-equipos-de-futbol-en-gomez-palacio","status":"publish","type":"post","link":"https:\/\/zonalimitrofe-cbnr.com\/index.php\/2025\/01\/24\/gp-ninos-y-adolescentes-con-sindrome-de-down-y-discapacidad-intelectual-pueden-integrarse-a-equipos-de-futbol-en-gomez-palacio\/","title":{"rendered":"#GP. Ni\u00f1os y adolescentes con s\u00edndrome de Down y discapacidad intelectual pueden integrarse a equipos de futbol en G\u00f3mez Palacio*"},"content":{"rendered":"\n<p>Con el prop\u00f3sito de promover la participaci\u00f3n de personas con discapacidad en actividades que impulsan su inclusi\u00f3n, el Ayuntamiento de G\u00f3mez Palacio, a trav\u00e9s del Sistema para el Desarrollo Integral de la Familia (DIF), trabaja en la creaci\u00f3n de equipos de futbol para ni\u00f1os y adolescentes con s\u00edndrome de Down y discapacidad intelectual.<\/p>\n\n\n\n<p>Brenda Calder\u00f3n Carrete, directora del DIF, inform\u00f3 que se han creado equipos representativos en un deporte inclusivo como el futbol, ofreciendo las mismas oportunidades a ni\u00f1os y j\u00f3venes con discapacidad intelectual y con TDH, as\u00ed como a otros con s\u00edndrome de Down.<\/p>\n\n\n\n<p>Record\u00f3 que el DIF ha ganado de manera consecutiva la Copa Santos-Pe\u00f1oles en su categor\u00eda de discapacidad intelectual durante los \u00faltimos tres a\u00f1os; adem\u00e1s inform\u00f3 que los menores que se sumen a la Liga DIF podr\u00e1n formar parte tambi\u00e9n de este evento que se llevar\u00e1 a cabo en abril. Se pueden registrar nuevos equipos de hombres, mujeres o mixtos con edades de 12 a 26 a\u00f1os.<\/p>\n\n\n\n<p>La Presidenta Municipal Leticia Herrera Ale ha girado instrucciones al DIF para trabajar a favor de las personas con alg\u00fan tipo de discapacidad, con el fin de que sean incluidas en actividades que ayuden a su desarrollo.<\/p>\n\n\n\n<p>Calder\u00f3n Carrete mencion\u00f3 que los entrenamientos se llevan a cabo en las instalaciones del Club de Ni\u00f1os, Ni\u00f1as y Adolescentes, ubicadas en Avenida Central S\/N, entre Guerrero y Michoac\u00e1n en la colonia Valle de Chapala, donde se cuenta con canchas de futbol. La invitaci\u00f3n sigue abierta para que los interesados se inscriban.<\/p>\n\n\n\n<p>Todos los menores con diagn\u00f3stico de discapacidad deber\u00e1n presentar un certificado de buena salud que indique que pueden practicar deporte. Aquellos con discapacidad intelectual deber\u00e1n presentar su diagn\u00f3stico y su CURP. Cabe destacar que, en caso de registrarse mujeres, no hay ning\u00fan problema, ya que se pueden integrar como equipo mixto.<\/p>\n","protected":false},"excerpt":{"rendered":"<p>Con el prop\u00f3sito de promover la participaci\u00f3n de personas con discapacidad en actividades que impulsan su inclusi\u00f3n, el Ayuntamiento de G\u00f3mez Palacio, a trav\u00e9s del Sistema para el Desarrollo Integral de la Familia (DIF), trabaja en la creaci\u00f3n de equipos de futbol para ni\u00f1os y adolescentes con s\u00edndrome de Down y discapacidad intelectual. Brenda Calder\u00f3n [&hellip;]<\/p>\n","protected":false},"author":1,"featured_media":15268,"comment_status":"open","ping_status":"open","sticky":false,"template":"","format":"standard","meta":{"_monsterinsights_skip_tracking":false,"_monsterinsights_sitenote_active":false,"_monsterinsights_sitenote_note":"","_monsterinsights_sitenote_category":0,"footnotes":""},"categories":[1],"tags":[],"_links":{"self":[{"href":"https:\/\/zonalimitrofe-cbnr.com\/index.php\/wp-json\/wp\/v2\/posts\/15267"}],"collection":[{"href":"https:\/\/zonalimitrofe-cbnr.com\/index.php\/wp-json\/wp\/v2\/posts"}],"about":[{"href":"https:\/\/zonalimitrofe-cbnr.com\/index.php\/wp-json\/wp\/v2\/types\/post"}],"author":[{"embeddable":true,"href":"https:\/\/zonalimitrofe-cbnr.com\/index.php\/wp-json\/wp\/v2\/users\/1"}],"replies":[{"embeddable":true,"href":"https:\/\/zonalimitrofe-cbnr.com\/index.php\/wp-json\/wp\/v2\/comments?post=15267"}],"version-history":[{"count":1,"href":"https:\/\/zonalimitrofe-cbnr.com\/index.php\/wp-json\/wp\/v2\/posts\/15267\/revisions"}],"predecessor-version":[{"id":15269,"href":"https:\/\/zonalimitrofe-cbnr.com\/index.php\/wp-json\/wp\/v2\/posts\/15267\/revisions\/15269"}],"wp:featuredmedia":[{"embeddable":true,"href":"https:\/\/zonalimitrofe-cbnr.com\/index.php\/wp-json\/wp\/v2\/media\/15268"}],"wp:attachment":[{"href":"https:\/\/zonalimitrofe-cbnr.com\/index.php\/wp-json\/wp\/v2\/media?parent=15267"}],"wp:term":[{"taxonomy":"category","embeddable":true,"href":"https:\/\/zonalimitrofe-cbnr.com\/index.php\/wp-json\/wp\/v2\/categories?post=15267"},{"taxonomy":"post_tag","embeddable":true,"href":"https:\/\/zonalimitrofe-cbnr.com\/index.php\/wp-json\/wp\/v2\/tags?post=15267"}],"curies":[{"name":"wp","href":"https:\/\/api.w.org\/{rel}","templated":true}]}}