{"id":15264,"date":"2025-01-24T16:57:38","date_gmt":"2025-01-24T22:57:38","guid":{"rendered":"https:\/\/zonalimitrofe-cbnr.com\/?p=15264"},"modified":"2025-01-24T16:57:38","modified_gmt":"2025-01-24T22:57:38","slug":"durango-renace-nueva-historia-en-boxeo-duranguense-con-apoyo-de-gobernador-esteban-firma-piolin-martinez-contrato-profesional","status":"publish","type":"post","link":"https:\/\/zonalimitrofe-cbnr.com\/index.php\/2025\/01\/24\/durango-renace-nueva-historia-en-boxeo-duranguense-con-apoyo-de-gobernador-esteban-firma-piolin-martinez-contrato-profesional\/","title":{"rendered":"#Durango. Renace nueva historia en boxeo duranguense; con apoyo de Gobernador Esteban, firma \u201cPiol\u00edn\u201d Mart\u00ednez contrato profesional*"},"content":{"rendered":"\n<ul>\n<li><em>\u201cJuntos, impulsaremos la carrera de nuestros talentos duranguenses\u201d; reitera Gobernador trabajo en equipo con Gobierno Federal para seguir avanzando el deporte y la salud.<\/em><\/li>\n\n\n\n<li><em>\u201cMi objetivo es alcanzar lo m\u00e1s alto en el boxeo profesional y cuento con el respaldo excepcional de Esteban\u201d: Miguel \u00c1ngel Mart\u00ednez.<\/em><\/li>\n<\/ul>\n\n\n\n<p>Hoy renace una nueva historia para el deporte en Durango, as\u00ed lo dej\u00f3 en claro el gobernador Esteban Villegas al impulsar el talento duranguense como el del boxeador ol\u00edmpico, Miguel \u00c1ngel \u201cPiol\u00edn\u201d Mart\u00ednez Ram\u00edrez, quien firm\u00f3 su primer contrato profesional con la reconocida Promotora Zanfer Boxing.<\/p>\n\n\n\n<p>\u201cDesde su preparaci\u00f3n para las olimpiadas, hemos sido testigos de su dedicaci\u00f3n y esfuerzo. Le dir\u00eda a Miguel \u00c1ngel que lo \u00fanico que no puede perder es la humildad; eso debe prevalecer en su vida y carrera,\u201d recomend\u00f3 el Gobernador al asegurar ante Miguel Torruco Garza, director nacional de Promoci\u00f3n al Deporte y Bienestar, quien junto al Gobierno de M\u00e9xico que encabeza la Presidenta Claudia Sheinbaum, contin\u00faan con el impulso al talento deportivo y la salud.<\/p>\n\n\n\n<p>En este encuentro, Miguel \u00c1ngel \u201cPiol\u00edn\u201d Mart\u00ednez expres\u00f3 su entusiasmo por esta nueva etapa en su vida. \u201cEstoy muy contento porque ahora comienza un nuevo cap\u00edtulo. Mi objetivo es alcanzar lo m\u00e1s alto en el boxeo profesional, y sin duda, cuento con un respaldo excepcional,\u201d afirm\u00f3 con determinaci\u00f3n.<\/p>\n\n\n\n<p>Edgar Valero Berrospe, en representaci\u00f3n de Zanfer Boxing, agradeci\u00f3 al Gobernador y a las autoridades deportivas por su apoyo. \u201cApreciamos la confianza depositada en nosotros para acompa\u00f1ar a Miguel \u00c1ngel en su carrera profesional. El esfuerzo realizado por Durango en pro del deporte, y especialmente del boxeo, es evidente. Han pasado 52 a\u00f1os desde que un duranguense particip\u00f3 en los Juegos Ol\u00edmpicos, y lo que ha logrado Miguel \u00c1ngel es un testimonio del compromiso con la juventud en el estado,\u201d destac\u00f3.<\/p>\n\n\n\n<p>C\u00e9sar Omar C\u00e1rdenas Reyes, director del Instituto Estatal del Deporte (IED), tambi\u00e9n dirigi\u00f3 unas palabras al deportista: \u201cfelicidades, este es un gran paso hacia el cumplimiento de tus sue\u00f1os; tu dedicaci\u00f3n, esfuerzo y sacrificio han hecho posible este momento. Aunque el camino no siempre ser\u00e1 f\u00e1cil, tu pasi\u00f3n y talento te llevar\u00e1n lejos. Estoy seguro de que brillar\u00e1s en el ring, aprovecha cada oportunidad y nunca dejes de so\u00f1ar en grande. \u00a1Adelante, campe\u00f3n!\u201d<\/p>\n\n\n\n<p>El evento cont\u00f3 con la presencia de destacados representantes del boxeo y del deporte en Durango, incluyendo a Daniel Zaragoza Bocardo, ex campe\u00f3n mundial de boxeo y representante del Consejo Mundial de Boxeo, la campeona mundial Valeria Ampar\u00e1n, as\u00ed como de Francisco Javier P\u00e9rez Meza, director del Instituto de Cultura, entre otros.<\/p>\n\n\n\n<p>Este significativo acontecimiento no solo celebra el inicio de la carrera profesional de \u201cPiol\u00edn\u201d Mart\u00ednez, sino que tambi\u00e9n refuerza el compromiso del gobernador de Durango, Esteban Villegas con el deporte y el talento local.<\/p>\n","protected":false},"excerpt":{"rendered":"<p>Hoy renace una nueva historia para el deporte en Durango, as\u00ed lo dej\u00f3 en claro el gobernador Esteban Villegas al impulsar el talento duranguense como el del boxeador ol\u00edmpico, Miguel \u00c1ngel \u201cPiol\u00edn\u201d Mart\u00ednez Ram\u00edrez, quien firm\u00f3 su primer contrato profesional con la reconocida Promotora Zanfer Boxing. \u201cDesde su preparaci\u00f3n para las olimpiadas, hemos sido testigos [&hellip;]<\/p>\n","protected":false},"author":1,"featured_media":15265,"comment_status":"open","ping_status":"open","sticky":false,"template":"","format":"standard","meta":{"_monsterinsights_skip_tracking":false,"_monsterinsights_sitenote_active":false,"_monsterinsights_sitenote_note":"","_monsterinsights_sitenote_category":0,"footnotes":""},"categories":[1],"tags":[],"_links":{"self":[{"href":"https:\/\/zonalimitrofe-cbnr.com\/index.php\/wp-json\/wp\/v2\/posts\/15264"}],"collection":[{"href":"https:\/\/zonalimitrofe-cbnr.com\/index.php\/wp-json\/wp\/v2\/posts"}],"about":[{"href":"https:\/\/zonalimitrofe-cbnr.com\/index.php\/wp-json\/wp\/v2\/types\/post"}],"author":[{"embeddable":true,"href":"https:\/\/zonalimitrofe-cbnr.com\/index.php\/wp-json\/wp\/v2\/users\/1"}],"replies":[{"embeddable":true,"href":"https:\/\/zonalimitrofe-cbnr.com\/index.php\/wp-json\/wp\/v2\/comments?post=15264"}],"version-history":[{"count":1,"href":"https:\/\/zonalimitrofe-cbnr.com\/index.php\/wp-json\/wp\/v2\/posts\/15264\/revisions"}],"predecessor-version":[{"id":15266,"href":"https:\/\/zonalimitrofe-cbnr.com\/index.php\/wp-json\/wp\/v2\/posts\/15264\/revisions\/15266"}],"wp:featuredmedia":[{"embeddable":true,"href":"https:\/\/zonalimitrofe-cbnr.com\/index.php\/wp-json\/wp\/v2\/media\/15265"}],"wp:attachment":[{"href":"https:\/\/zonalimitrofe-cbnr.com\/index.php\/wp-json\/wp\/v2\/media?parent=15264"}],"wp:term":[{"taxonomy":"category","embeddable":true,"href":"https:\/\/zonalimitrofe-cbnr.com\/index.php\/wp-json\/wp\/v2\/categories?post=15264"},{"taxonomy":"post_tag","embeddable":true,"href":"https:\/\/zonalimitrofe-cbnr.com\/index.php\/wp-json\/wp\/v2\/tags?post=15264"}],"curies":[{"name":"wp","href":"https:\/\/api.w.org\/{rel}","templated":true}]}}