{"id":15234,"date":"2025-01-23T15:46:02","date_gmt":"2025-01-23T21:46:02","guid":{"rendered":"https:\/\/zonalimitrofe-cbnr.com\/?p=15234"},"modified":"2025-01-23T15:46:02","modified_gmt":"2025-01-23T21:46:02","slug":"durango-gobierno-de-esteban-modernizara-el-registro-civil-en-la-laguna","status":"publish","type":"post","link":"https:\/\/zonalimitrofe-cbnr.com\/index.php\/2025\/01\/23\/durango-gobierno-de-esteban-modernizara-el-registro-civil-en-la-laguna\/","title":{"rendered":"#Durango. GOBIERNO DE ESTEBAN MODERNIZAR\u00c1 EL REGISTRO CIVIL EN LA LAGUNA"},"content":{"rendered":"\n<ul>\n<li>Preparan programa piloto del uso de Datos Biom\u00e9tricos en Oficial\u00edas del Registro Civil de Durango y La Laguna<\/li>\n<\/ul>\n\n\n\n<p>Comarca Lagunera.- En una b\u00fasqueda continua por mejorar el servicio que se brinda a la ciudadan\u00eda a trav\u00e9s de las diversas Oficial\u00edas del Registro Civil en Durango, y por instrucciones del gobernador, Esteban Villegas Villarreal, se trabaja en la modernizaci\u00f3n con la instalaci\u00f3n de equipos de Datos Biom\u00e9tricos, como parte de un programa piloto ligado a la CURP (Clave \u00danica de Registro de Poblaci\u00f3n).<\/p>\n\n\n\n<p>As\u00ed lo dio a conocer Jos\u00e9 Antonio Garc\u00eda Espinoza, director general del Registro Civil en Durango, en su visita a la Regi\u00f3n Laguna. Precis\u00f3 que en este 2025 se pondr\u00e1 en marcha este programa piloto del uso de Datos Biom\u00e9tricos, a fin de certificar la informaci\u00f3n e identidad personal, \u201cqueremos que se encuentre bien protegida la identidad personal y que el contenido de nuestros libros est\u00e9 apegado a la informaci\u00f3n contenida en la CURP, documento base para un sinf\u00edn de tr\u00e1mites federales, estatales y municipales\u201d apunt\u00f3.<\/p>\n\n\n\n<p>El director del Registro Civil en Durango puntualiz\u00f3 que los equipos de Datos Biom\u00e9tricos, cuyo costo es de 500 mil pesos cada uno, se instalar\u00e1n en una primera etapa en la Oficial\u00eda n\u00famero 1 de G\u00f3mez Palacio -ubicada en Casa de Gobierno-; en la Direcci\u00f3n General de Registro Civil y las Oficial\u00edas n\u00famero 21 y 26 de Durango capital.<\/p>\n\n\n\n<p>Respecto al cierre del 2024, Jos\u00e9 Antonio Garc\u00eda Espinoza, coment\u00f3 que se realizaron m\u00e1s de 60 mil registros entre matrimonios, nacimientos, defunciones, reconocimientos de hijos y otras expediciones de documentos diversos.<\/p>\n\n\n\n<p>Indic\u00f3 que, gracias a la voluntad y las buenas gestiones de Esteban Villegas Villarreal con la Federaci\u00f3n, el Registro Civil, dependiente de la Secretar\u00eda de Gobierno, a cargo de H\u00e9ctor Vela Valenzuela, tuvo un cierre 2024 muy fuerte en varias vertientes como es el registro de la doble nacionalidad, ya que de julio a noviembre se hicieron 600 registros de este tipo en toda la entidad<\/p>\n","protected":false},"excerpt":{"rendered":"<p>Comarca Lagunera.- En una b\u00fasqueda continua por mejorar el servicio que se brinda a la ciudadan\u00eda a trav\u00e9s de las diversas Oficial\u00edas del Registro Civil en Durango, y por instrucciones del gobernador, Esteban Villegas Villarreal, se trabaja en la modernizaci\u00f3n con la instalaci\u00f3n de equipos de Datos Biom\u00e9tricos, como parte de un programa piloto ligado [&hellip;]<\/p>\n","protected":false},"author":1,"featured_media":15235,"comment_status":"open","ping_status":"open","sticky":false,"template":"","format":"standard","meta":{"_monsterinsights_skip_tracking":false,"_monsterinsights_sitenote_active":false,"_monsterinsights_sitenote_note":"","_monsterinsights_sitenote_category":0,"footnotes":""},"categories":[1],"tags":[],"_links":{"self":[{"href":"https:\/\/zonalimitrofe-cbnr.com\/index.php\/wp-json\/wp\/v2\/posts\/15234"}],"collection":[{"href":"https:\/\/zonalimitrofe-cbnr.com\/index.php\/wp-json\/wp\/v2\/posts"}],"about":[{"href":"https:\/\/zonalimitrofe-cbnr.com\/index.php\/wp-json\/wp\/v2\/types\/post"}],"author":[{"embeddable":true,"href":"https:\/\/zonalimitrofe-cbnr.com\/index.php\/wp-json\/wp\/v2\/users\/1"}],"replies":[{"embeddable":true,"href":"https:\/\/zonalimitrofe-cbnr.com\/index.php\/wp-json\/wp\/v2\/comments?post=15234"}],"version-history":[{"count":1,"href":"https:\/\/zonalimitrofe-cbnr.com\/index.php\/wp-json\/wp\/v2\/posts\/15234\/revisions"}],"predecessor-version":[{"id":15236,"href":"https:\/\/zonalimitrofe-cbnr.com\/index.php\/wp-json\/wp\/v2\/posts\/15234\/revisions\/15236"}],"wp:featuredmedia":[{"embeddable":true,"href":"https:\/\/zonalimitrofe-cbnr.com\/index.php\/wp-json\/wp\/v2\/media\/15235"}],"wp:attachment":[{"href":"https:\/\/zonalimitrofe-cbnr.com\/index.php\/wp-json\/wp\/v2\/media?parent=15234"}],"wp:term":[{"taxonomy":"category","embeddable":true,"href":"https:\/\/zonalimitrofe-cbnr.com\/index.php\/wp-json\/wp\/v2\/categories?post=15234"},{"taxonomy":"post_tag","embeddable":true,"href":"https:\/\/zonalimitrofe-cbnr.com\/index.php\/wp-json\/wp\/v2\/tags?post=15234"}],"curies":[{"name":"wp","href":"https:\/\/api.w.org\/{rel}","templated":true}]}}