{"id":15213,"date":"2025-01-23T15:26:42","date_gmt":"2025-01-23T21:26:42","guid":{"rendered":"https:\/\/zonalimitrofe-cbnr.com\/?p=15213"},"modified":"2025-01-23T15:26:43","modified_gmt":"2025-01-23T21:26:43","slug":"durango-en-2025-trabajamos-con-mucho-corazon-por-la-salud-y-el-bienestar-de-los-duranguenses-esteban","status":"publish","type":"post","link":"https:\/\/zonalimitrofe-cbnr.com\/index.php\/2025\/01\/23\/durango-en-2025-trabajamos-con-mucho-corazon-por-la-salud-y-el-bienestar-de-los-duranguenses-esteban\/","title":{"rendered":"#Durango. En 2025 trabajamos con mucho coraz\u00f3n por la salud y el bienestar de los duranguenses: Esteban*"},"content":{"rendered":"\n<ul>\n<li><em>Se re\u00fane Gobernador con la presidenta del DIF Estatal y el titular de la Secretar\u00eda de Salud para reforzar programas prioritarios y de asistencia m\u00e9dica en cada rinc\u00f3n del estado.<\/em><\/li>\n<\/ul>\n\n\n\n<p>Las acciones para fortalecer la inclusi\u00f3n, la salud y el bienestar social siempre ser\u00e1n prioritarias en mi gobierno, por ello, este 2025 trabajamos con mucho coraz\u00f3n en proyectos que beneficien a las familias en cada rinc\u00f3n del estado, expres\u00f3 el gobernador Esteban Villegas Villarreal, tras reunirse con la presidenta del DIF Estatal, Marisol Rosso y personal de la Secretar\u00eda de Salud.<\/p>\n\n\n\n<p>El Ejecutivo Estatal resalt\u00f3 que la asistencia m\u00e9dica para los duranguenses es un eje principal de la Administraci\u00f3n, lo mismo la dignificaci\u00f3n de la labor del gremio de los galenos, por lo que se planea dar seguimiento a los procesos sobre la atenci\u00f3n con calidad a la gente, con medicamentos suficientes y que el personal de la salud cuente con los recursos necesarios para ejercer su labor.<\/p>\n\n\n\n<p>\u201cLes digo, vamos con todo porque Durango est\u00e1 listo para renacer\u201d, manifest\u00f3 el Mandatario Estatal, al concluir la reuni\u00f3n con personal a cargo del secretario de Salud en el Estado, Mois\u00e9s N\u00e1jera Torres.<\/p>\n\n\n\n<p>En este mismo sentido, durante la reuni\u00f3n que se llev\u00f3 a cabo con la presidenta del DIF Estatal, Marisol Rosso Rivera y su equipo de trabajo, enfatiz\u00f3 sobre el gran compromiso de dicho organismo, de trabajar como una gran familia y con mucho coraz\u00f3n, el brindar ayuda a las ni\u00f1as, ni\u00f1os, adolescentes, adultos mayores, madres de familia y personas con discapacidad.<\/p>\n\n\n\n<p>El Ejecutivo reconoci\u00f3 el apoyo del Gobierno Federal para continuar con el fortalecimiento de los programas asistenciales, por ello, recalc\u00f3 que este 2025, se impulsar\u00e1n acciones que har\u00e1n la diferencia en cada hogar.<\/p>\n\n\n\n<p>Con dichos proyectos, el Gobernador asegur\u00f3 que se garantizar\u00e1 la atenci\u00f3n, as\u00ed como los servicios prioritarios a todos, con mejor equipamiento, infraestructura y mayores apoyos para quienes lo requieran, y de este modo, brindar una mejor calidad de vida a las familias duranguenses.<\/p>\n","protected":false},"excerpt":{"rendered":"<p>Las acciones para fortalecer la inclusi\u00f3n, la salud y el bienestar social siempre ser\u00e1n prioritarias en mi gobierno, por ello, este 2025 trabajamos con mucho coraz\u00f3n en proyectos que beneficien a las familias en cada rinc\u00f3n del estado, expres\u00f3 el gobernador Esteban Villegas Villarreal, tras reunirse con la presidenta del DIF Estatal, Marisol Rosso y [&hellip;]<\/p>\n","protected":false},"author":1,"featured_media":15214,"comment_status":"open","ping_status":"open","sticky":false,"template":"","format":"standard","meta":{"_monsterinsights_skip_tracking":false,"_monsterinsights_sitenote_active":false,"_monsterinsights_sitenote_note":"","_monsterinsights_sitenote_category":0,"footnotes":""},"categories":[1],"tags":[],"_links":{"self":[{"href":"https:\/\/zonalimitrofe-cbnr.com\/index.php\/wp-json\/wp\/v2\/posts\/15213"}],"collection":[{"href":"https:\/\/zonalimitrofe-cbnr.com\/index.php\/wp-json\/wp\/v2\/posts"}],"about":[{"href":"https:\/\/zonalimitrofe-cbnr.com\/index.php\/wp-json\/wp\/v2\/types\/post"}],"author":[{"embeddable":true,"href":"https:\/\/zonalimitrofe-cbnr.com\/index.php\/wp-json\/wp\/v2\/users\/1"}],"replies":[{"embeddable":true,"href":"https:\/\/zonalimitrofe-cbnr.com\/index.php\/wp-json\/wp\/v2\/comments?post=15213"}],"version-history":[{"count":1,"href":"https:\/\/zonalimitrofe-cbnr.com\/index.php\/wp-json\/wp\/v2\/posts\/15213\/revisions"}],"predecessor-version":[{"id":15215,"href":"https:\/\/zonalimitrofe-cbnr.com\/index.php\/wp-json\/wp\/v2\/posts\/15213\/revisions\/15215"}],"wp:featuredmedia":[{"embeddable":true,"href":"https:\/\/zonalimitrofe-cbnr.com\/index.php\/wp-json\/wp\/v2\/media\/15214"}],"wp:attachment":[{"href":"https:\/\/zonalimitrofe-cbnr.com\/index.php\/wp-json\/wp\/v2\/media?parent=15213"}],"wp:term":[{"taxonomy":"category","embeddable":true,"href":"https:\/\/zonalimitrofe-cbnr.com\/index.php\/wp-json\/wp\/v2\/categories?post=15213"},{"taxonomy":"post_tag","embeddable":true,"href":"https:\/\/zonalimitrofe-cbnr.com\/index.php\/wp-json\/wp\/v2\/tags?post=15213"}],"curies":[{"name":"wp","href":"https:\/\/api.w.org\/{rel}","templated":true}]}}