{"id":15195,"date":"2025-01-22T16:09:24","date_gmt":"2025-01-22T22:09:24","guid":{"rendered":"https:\/\/zonalimitrofe-cbnr.com\/?p=15195"},"modified":"2025-01-22T16:09:24","modified_gmt":"2025-01-22T22:09:24","slug":"gp-realiza-ayuntamiento-poda-correctiva-en-arboles-de-espacios-publicos","status":"publish","type":"post","link":"https:\/\/zonalimitrofe-cbnr.com\/index.php\/2025\/01\/22\/gp-realiza-ayuntamiento-poda-correctiva-en-arboles-de-espacios-publicos\/","title":{"rendered":"#GP. Realiza Ayuntamiento poda correctiva en \u00e1rboles de espacios p\u00fablicos*"},"content":{"rendered":"\n<p>El Ayuntamiento de G\u00f3mez Palacio, a trav\u00e9s de la Direcci\u00f3n de Servicios P\u00fablicos Municipales, lleva a cabo labores de poda en los \u00e1rboles de los espacios p\u00fablicos, ya que durante los meses de enero y febrero es la \u00e9poca id\u00f3nea para realizar esta pr\u00e1ctica.<\/p>\n\n\n\n<p>Fernando D\u00edaz Femath titular de la dependencia detall\u00f3 que, cuadrillas de Servicios P\u00fablicos acudieron recientemente al bulevar Las Flores de la colonia Bugambilias, donde llevaron a cabo la poda est\u00e9tica de los \u00e1rboles del camell\u00f3n central, con el fin de brindar mayor viabilidad a los conductores y peatones, adem\u00e1s de dar una mejor imagen.<\/p>\n\n\n\n<p>El titular de Servicios P\u00fablicos manifest\u00f3 que, estos trabajos de mejoras en las \u00e1reas comunes del municipio obedecen al inter\u00e9s de la Presidenta Municipal, Leticia Herrera Ale, sobre brindar a los ciudadanos espacios limpios para el bienestar de los gomezpalatinos.<\/p>\n\n\n\n<p>Aunado a la poda est\u00e9tica de los \u00e1rboles del camell\u00f3n del bulevar Las Flores, tambi\u00e9n se realizaron trabajos de desmalezado y limpieza integral del mismo, manifest\u00f3 D\u00edaz Femath.<\/p>\n\n\n\n<p>Por \u00faltimo, el titular de Servicios P\u00fablicos exhorta a la ciudadan\u00eda a cuidar los espacios rehabilitados, pidiendo no tirar basura y denunciar al 911 a las personas que sorprendan ensuciando los espacios p\u00fablicos.<\/p>\n","protected":false},"excerpt":{"rendered":"<p>El Ayuntamiento de G\u00f3mez Palacio, a trav\u00e9s de la Direcci\u00f3n de Servicios P\u00fablicos Municipales, lleva a cabo labores de poda en los \u00e1rboles de los espacios p\u00fablicos, ya que durante los meses de enero y febrero es la \u00e9poca id\u00f3nea para realizar esta pr\u00e1ctica. Fernando D\u00edaz Femath titular de la dependencia detall\u00f3 que, cuadrillas de [&hellip;]<\/p>\n","protected":false},"author":1,"featured_media":15196,"comment_status":"open","ping_status":"open","sticky":false,"template":"","format":"standard","meta":{"_monsterinsights_skip_tracking":false,"_monsterinsights_sitenote_active":false,"_monsterinsights_sitenote_note":"","_monsterinsights_sitenote_category":0,"footnotes":""},"categories":[1],"tags":[],"_links":{"self":[{"href":"https:\/\/zonalimitrofe-cbnr.com\/index.php\/wp-json\/wp\/v2\/posts\/15195"}],"collection":[{"href":"https:\/\/zonalimitrofe-cbnr.com\/index.php\/wp-json\/wp\/v2\/posts"}],"about":[{"href":"https:\/\/zonalimitrofe-cbnr.com\/index.php\/wp-json\/wp\/v2\/types\/post"}],"author":[{"embeddable":true,"href":"https:\/\/zonalimitrofe-cbnr.com\/index.php\/wp-json\/wp\/v2\/users\/1"}],"replies":[{"embeddable":true,"href":"https:\/\/zonalimitrofe-cbnr.com\/index.php\/wp-json\/wp\/v2\/comments?post=15195"}],"version-history":[{"count":1,"href":"https:\/\/zonalimitrofe-cbnr.com\/index.php\/wp-json\/wp\/v2\/posts\/15195\/revisions"}],"predecessor-version":[{"id":15197,"href":"https:\/\/zonalimitrofe-cbnr.com\/index.php\/wp-json\/wp\/v2\/posts\/15195\/revisions\/15197"}],"wp:featuredmedia":[{"embeddable":true,"href":"https:\/\/zonalimitrofe-cbnr.com\/index.php\/wp-json\/wp\/v2\/media\/15196"}],"wp:attachment":[{"href":"https:\/\/zonalimitrofe-cbnr.com\/index.php\/wp-json\/wp\/v2\/media?parent=15195"}],"wp:term":[{"taxonomy":"category","embeddable":true,"href":"https:\/\/zonalimitrofe-cbnr.com\/index.php\/wp-json\/wp\/v2\/categories?post=15195"},{"taxonomy":"post_tag","embeddable":true,"href":"https:\/\/zonalimitrofe-cbnr.com\/index.php\/wp-json\/wp\/v2\/tags?post=15195"}],"curies":[{"name":"wp","href":"https:\/\/api.w.org\/{rel}","templated":true}]}}