{"id":15183,"date":"2025-01-22T16:02:12","date_gmt":"2025-01-22T22:02:12","guid":{"rendered":"https:\/\/zonalimitrofe-cbnr.com\/?p=15183"},"modified":"2025-01-22T16:02:12","modified_gmt":"2025-01-22T22:02:12","slug":"torreon-recomiendan-el-uso-moderado-de-sistemas-de-calefaccion-para-cuidar-el-medio-ambiente","status":"publish","type":"post","link":"https:\/\/zonalimitrofe-cbnr.com\/index.php\/2025\/01\/22\/torreon-recomiendan-el-uso-moderado-de-sistemas-de-calefaccion-para-cuidar-el-medio-ambiente\/","title":{"rendered":"#Torre\u00f3n. Recomiendan el uso moderado de sistemas de calefacci\u00f3n para cuidar el medio ambiente"},"content":{"rendered":"\n<p>Torre\u00f3n, Coahuila. A 22 de enero de 2025<\/p>\n\n\n\n<p>Con el objetivo de promover medidas sostenibles que reduzcan el impacto negativo en el entorno, ante las bajas temperaturas que se presentan en la ciudad, la Direcci\u00f3n General de Medio Ambiente emite algunas recomendaciones a la poblaci\u00f3n.<\/p>\n\n\n\n<p>Marcelo S\u00e1nchez Adame, director de la dependencia, dijo que las heladas afectan tanto a la agricultura, las \u00e1reas verdes y la calidad del aire, con repercusiones directas en los cultivos y en la vida diaria de los habitantes.<\/p>\n\n\n\n<p>Por ello, indic\u00f3 que es importante el uso moderado de sistemas de calefacci\u00f3n, y el aumento de las fuentes de energ\u00eda renovables.<\/p>\n\n\n\n<p>Adem\u00e1s de la protecci\u00f3n de los cultivos, las \u00e1reas verdes, el cuidado del suelo agr\u00edcola y la reducci\u00f3n del consumo de energ\u00edas no renovables.<\/p>\n\n\n\n<p>El funcionario dio a conocer que en la temporada de heladas, tiende a incrementar el uso de sistemas de calefacci\u00f3n en los hogares, lo que puede generar un aumento en las emisiones de contaminantes, especialmente cuando se utilizan combustibles f\u00f3siles como fuente de energ\u00eda.<\/p>\n\n\n\n<p>\u201cEsto puede agravar problemas de salud relacionados con enfermedades respiratorias y afectar la visibilidad atmosf\u00e9rica en el \u00e1rea urbana\u201d, inform\u00f3.<\/p>\n\n\n\n<p>El director explic\u00f3 que el aire fr\u00edo y denso durante estas temporadas tiende a acumular part\u00edculas contaminantes cerca del suelo, lo que incrementa la percepci\u00f3n de smog en la ciudad.<\/p>\n\n\n\n<p>Por ello dijo, es importante que la ciudadan\u00eda adopte medidas sostenibles para minimizar los efectos de las bajas temperaturas y garantizar un entorno m\u00e1s resiliente para las futuras generaciones<\/p>\n\n\n\n<p>S\u00e1nchez Adame se\u00f1al\u00f3 que las acciones de cuidado al medio ambiente alineadas a los objetivos de la Administraci\u00f3n Municipal encabezada por el alcalde Rom\u00e1n Alberto Cepeda Gonz\u00e1lez.<\/p>\n","protected":false},"excerpt":{"rendered":"<p>Torre\u00f3n, Coahuila. A 22 de enero de 2025 Con el objetivo de promover medidas sostenibles que reduzcan el impacto negativo en el entorno, ante las bajas temperaturas que se presentan en la ciudad, la Direcci\u00f3n General de Medio Ambiente emite algunas recomendaciones a la poblaci\u00f3n. Marcelo S\u00e1nchez Adame, director de la dependencia, dijo que las [&hellip;]<\/p>\n","protected":false},"author":1,"featured_media":15184,"comment_status":"open","ping_status":"open","sticky":false,"template":"","format":"standard","meta":{"_monsterinsights_skip_tracking":false,"_monsterinsights_sitenote_active":false,"_monsterinsights_sitenote_note":"","_monsterinsights_sitenote_category":0,"footnotes":""},"categories":[1],"tags":[],"_links":{"self":[{"href":"https:\/\/zonalimitrofe-cbnr.com\/index.php\/wp-json\/wp\/v2\/posts\/15183"}],"collection":[{"href":"https:\/\/zonalimitrofe-cbnr.com\/index.php\/wp-json\/wp\/v2\/posts"}],"about":[{"href":"https:\/\/zonalimitrofe-cbnr.com\/index.php\/wp-json\/wp\/v2\/types\/post"}],"author":[{"embeddable":true,"href":"https:\/\/zonalimitrofe-cbnr.com\/index.php\/wp-json\/wp\/v2\/users\/1"}],"replies":[{"embeddable":true,"href":"https:\/\/zonalimitrofe-cbnr.com\/index.php\/wp-json\/wp\/v2\/comments?post=15183"}],"version-history":[{"count":1,"href":"https:\/\/zonalimitrofe-cbnr.com\/index.php\/wp-json\/wp\/v2\/posts\/15183\/revisions"}],"predecessor-version":[{"id":15185,"href":"https:\/\/zonalimitrofe-cbnr.com\/index.php\/wp-json\/wp\/v2\/posts\/15183\/revisions\/15185"}],"wp:featuredmedia":[{"embeddable":true,"href":"https:\/\/zonalimitrofe-cbnr.com\/index.php\/wp-json\/wp\/v2\/media\/15184"}],"wp:attachment":[{"href":"https:\/\/zonalimitrofe-cbnr.com\/index.php\/wp-json\/wp\/v2\/media?parent=15183"}],"wp:term":[{"taxonomy":"category","embeddable":true,"href":"https:\/\/zonalimitrofe-cbnr.com\/index.php\/wp-json\/wp\/v2\/categories?post=15183"},{"taxonomy":"post_tag","embeddable":true,"href":"https:\/\/zonalimitrofe-cbnr.com\/index.php\/wp-json\/wp\/v2\/tags?post=15183"}],"curies":[{"name":"wp","href":"https:\/\/api.w.org\/{rel}","templated":true}]}}