{"id":15168,"date":"2025-01-22T15:51:18","date_gmt":"2025-01-22T21:51:18","guid":{"rendered":"https:\/\/zonalimitrofe-cbnr.com\/?p=15168"},"modified":"2025-01-22T15:51:18","modified_gmt":"2025-01-22T21:51:18","slug":"uadec-invita-uadec-unidad-laguna-a-participar-en-el-curso-taller-filosofia-de-la-educacion-ambiental-para-la-sostenibilidad-una-perspectiva-desde-los-sistemas-complejos","status":"publish","type":"post","link":"https:\/\/zonalimitrofe-cbnr.com\/index.php\/2025\/01\/22\/uadec-invita-uadec-unidad-laguna-a-participar-en-el-curso-taller-filosofia-de-la-educacion-ambiental-para-la-sostenibilidad-una-perspectiva-desde-los-sistemas-complejos\/","title":{"rendered":"#UAdeC. Invita UAdeC Unidad Laguna a Participar en el Curso-Taller \u201cFilosof\u00eda de la Educaci\u00f3n Ambiental para la Sostenibilidad: Una Perspectiva desde los Sistemas Complejos\u201d"},"content":{"rendered":"\n<p>TORRE\u00d3N, Coahuila. 22 de enero de 2025. La Universidad Aut\u00f3noma de Coahuila a trav\u00e9s del Departamento de Agenda Ambiental de la Coordinaci\u00f3n Unidad Laguna, en conjunto con el Seminario Permanente en Formaci\u00f3n de Procesos en Investigaci\u00f3n Interdisciplinaria y la Facultad de Ciencias Biol\u00f3gicas de la Universidad Ju\u00e1rez del Estado de Durango (UJED), invitan a participar del 4 al 7 de febrero de 2025 al Curso-Taller \u201cFilosof\u00eda de la Educaci\u00f3n Ambiental para la Sostenibilidad: Una Perspectiva desde los Sistemas Complejos\u201d.<\/p>\n\n\n\n<p>La actividad tiene como objetivo generar un espacio de reflexi\u00f3n y di\u00e1logo sobre la importancia del cambio de paradigma educativo y el educar para la sostenibilidad con enfoque de la complejidad ambiental, est\u00e1 dirigido a profesores y estudiantes de nivel medio-superior y superior, as\u00ed como a responsables de la tem\u00e1tica ambiental y de sustentabilidad en las escuelas y facultades.<\/p>\n\n\n\n<p>El curso-taller cuenta con cuatro m\u00f3dulos: 1. Complejidad Ambiental, ser\u00e1n impartidas las bases para fomentar una mentalidad cr\u00edtica y una conexi\u00f3n con el verdadero significado de ambiente; 2. Paradigma de la Educaci\u00f3n Ambiental Actual, en el que se describir\u00e1 el sistema y\/o modelo educativo y el conocimiento de las diferentes cosmovisiones de la educaci\u00f3n ambiental.<\/p>\n\n\n\n<p>Adem\u00e1s, 3. Un Nuevo Paradigma hacia una Educaci\u00f3n para la Sostenibilidad, con el que se pretende demostrar como todas las ramas del conocimiento deben de estar ligadas para comprender la naturaleza del ser y de lo externo al ser, para llegar a una verdadera educaci\u00f3n hacia el desarrollo sostenible y 4. Did\u00e1ctica y Evaluaci\u00f3n de Proyectos Educativos, se realizar\u00e1n ejemplos de algunas t\u00e9cnicas did\u00e1cticas y de evaluaci\u00f3n de aprendizajes.<\/p>\n\n\n\n<p>Cabe mencionar que, el curso-taller ser\u00e1 impartido por el Dr. Gabriel de Jes\u00fas Pe\u00f1a-Uribe, Bi\u00f3logo Marino por la Universidad Aut\u00f3noma de Baja California Sur, quien adem\u00e1s pertenece al Sistema Nacional de Investigadores nivel candidato, as\u00ed como por la Mtra. Carolina Ceballos Bernal, ingeniera bioqu\u00edmica con especialidad Ambiental egresada del Instituto Tecnol\u00f3gico de Mazatl\u00e1n, quien actualmente labora en el Departamento de Educaci\u00f3n Ambiental del Centro de Investigaci\u00f3n en Alimentaci\u00f3n y Desarrollo de Educaci\u00f3n Ambiental del Centro de Investigaci\u00f3n en Alimentaci\u00f3n y Desarrollo, A.C. (Centro de Investigaci\u00f3n CONAHCYT).<\/p>\n\n\n\n<p>Al finalizar este curso-taller el participante tendr\u00e1 una concepci\u00f3n m\u00e1s amplia sobre la Educaci\u00f3n Ambiental y como compaginar esta con su vida diaria, su actividad profesional y la divulgaci\u00f3n de la ciencia, las competencias que se inculcar\u00e1n son: mentalidad cr\u00edtica, trabajo en equipo, pensamiento complejo, proactividad y resoluci\u00f3n de conflictos \u00e9ticos.<\/p>\n","protected":false},"excerpt":{"rendered":"<p>TORRE\u00d3N, Coahuila. 22 de enero de 2025. La Universidad Aut\u00f3noma de Coahuila a trav\u00e9s del Departamento de Agenda Ambiental de la Coordinaci\u00f3n Unidad Laguna, en conjunto con el Seminario Permanente en Formaci\u00f3n de Procesos en Investigaci\u00f3n Interdisciplinaria y la Facultad de Ciencias Biol\u00f3gicas de la Universidad Ju\u00e1rez del Estado de Durango (UJED), invitan a participar [&hellip;]<\/p>\n","protected":false},"author":1,"featured_media":15169,"comment_status":"open","ping_status":"open","sticky":false,"template":"","format":"standard","meta":{"_monsterinsights_skip_tracking":false,"_monsterinsights_sitenote_active":false,"_monsterinsights_sitenote_note":"","_monsterinsights_sitenote_category":0,"footnotes":""},"categories":[1],"tags":[],"_links":{"self":[{"href":"https:\/\/zonalimitrofe-cbnr.com\/index.php\/wp-json\/wp\/v2\/posts\/15168"}],"collection":[{"href":"https:\/\/zonalimitrofe-cbnr.com\/index.php\/wp-json\/wp\/v2\/posts"}],"about":[{"href":"https:\/\/zonalimitrofe-cbnr.com\/index.php\/wp-json\/wp\/v2\/types\/post"}],"author":[{"embeddable":true,"href":"https:\/\/zonalimitrofe-cbnr.com\/index.php\/wp-json\/wp\/v2\/users\/1"}],"replies":[{"embeddable":true,"href":"https:\/\/zonalimitrofe-cbnr.com\/index.php\/wp-json\/wp\/v2\/comments?post=15168"}],"version-history":[{"count":1,"href":"https:\/\/zonalimitrofe-cbnr.com\/index.php\/wp-json\/wp\/v2\/posts\/15168\/revisions"}],"predecessor-version":[{"id":15170,"href":"https:\/\/zonalimitrofe-cbnr.com\/index.php\/wp-json\/wp\/v2\/posts\/15168\/revisions\/15170"}],"wp:featuredmedia":[{"embeddable":true,"href":"https:\/\/zonalimitrofe-cbnr.com\/index.php\/wp-json\/wp\/v2\/media\/15169"}],"wp:attachment":[{"href":"https:\/\/zonalimitrofe-cbnr.com\/index.php\/wp-json\/wp\/v2\/media?parent=15168"}],"wp:term":[{"taxonomy":"category","embeddable":true,"href":"https:\/\/zonalimitrofe-cbnr.com\/index.php\/wp-json\/wp\/v2\/categories?post=15168"},{"taxonomy":"post_tag","embeddable":true,"href":"https:\/\/zonalimitrofe-cbnr.com\/index.php\/wp-json\/wp\/v2\/tags?post=15168"}],"curies":[{"name":"wp","href":"https:\/\/api.w.org\/{rel}","templated":true}]}}