{"id":15105,"date":"2025-01-21T14:18:08","date_gmt":"2025-01-21T20:18:08","guid":{"rendered":"https:\/\/zonalimitrofe-cbnr.com\/?p=15105"},"modified":"2025-01-21T14:18:08","modified_gmt":"2025-01-21T20:18:08","slug":"torreon-intensifican-recorridos-nocturnos-del-operativo-abrigo-ante-las-bajas-temperaturas-que-se-esperan-para-hoy-y-manana","status":"publish","type":"post","link":"https:\/\/zonalimitrofe-cbnr.com\/index.php\/2025\/01\/21\/torreon-intensifican-recorridos-nocturnos-del-operativo-abrigo-ante-las-bajas-temperaturas-que-se-esperan-para-hoy-y-manana\/","title":{"rendered":"#Torre\u00f3n. Intensifican recorridos nocturnos del \u201cOperativo Abrigo\u201d, ante las bajas temperaturas que se esperan para hoy y ma\u00f1ana"},"content":{"rendered":"\n<p>Torre\u00f3n, Coahuila. A 21 de enero de 2025<\/p>\n\n\n\n<p>Con el prop\u00f3sito de brindar un espacio de refugio a la poblaci\u00f3n m\u00e1s vulnerable, ante el marcado descenso en la temperatura que se espera para esta noche y ma\u00f1ana mi\u00e9rcoles, persisten las acciones de atenci\u00f3n emergente por parte de la Administraci\u00f3n Municipal, mediante el \u201cOperativo Abrigo\u201d.<\/p>\n\n\n\n<p>Jorge Luis Ju\u00e1rez Llanas, director de Protecci\u00f3n Civil y Bomberos de Torre\u00f3n, destac\u00f3 que durante los \u00faltimos d\u00edas se ha generado mayor movimiento en los recorridos que se realizan por la ciudad durante la noche y madrugada, con apoyo tambi\u00e9n de Seguridad P\u00fablica y Tr\u00e1nsito y Vialidad.<\/p>\n\n\n\n<p>\u201cSe han intensificado las acciones en los recorridos nocturnos, debido a que es en las horas de la noche y madrugada cuando se siente el fr\u00edo con mayor intensidad, por lo que buscamos trasladar a la mayor cantidad de personas en situaci\u00f3n de calle a los refugios temporales\u201d, indic\u00f3 el director.<\/p>\n\n\n\n<p>Resalt\u00f3 que para este martes 21 y mi\u00e9rcoles 22, se esperan temperaturas de hasta 0 grados cent\u00edgrados durante la noche, por lo que estos recorridos dentro del \u201cOperativo Abrigo\u201d, seguir\u00e1n reforz\u00e1ndose.<\/p>\n\n\n\n<p>Mencion\u00f3 que ayer por la noche se atendieron a 14 personas en los albergues, una mujer y 13 hombres.<\/p>\n\n\n\n<p>Ju\u00e1rez Llanas destac\u00f3 que la indicaci\u00f3n del alcalde Rom\u00e1n Alberto Cepeda Gonz\u00e1lez, es proteger a la poblaci\u00f3n vulnerable y darles una asistencia integral, con apoyo de cobijas, alimento y bebidas calientes, as\u00ed como de revisi\u00f3n m\u00e9dica.<\/p>\n\n\n\n<p>Agreg\u00f3 que las acciones de atenci\u00f3n se realizan en coordinaci\u00f3n con el Gobierno del Estado, y participan dependencias municipales como Salud Municipal, DIF Torre\u00f3n, Servicios P\u00fablicos, Tribunal de Justicia Municipal, Desarrollo Social, Atenci\u00f3n Ciudadana, entre otras.<\/p>\n\n\n\n<p>De igual forma, el funcionario record\u00f3 a la poblaci\u00f3n que los tres albergues del municipio disponibles las 24 horas son:<\/p>\n\n\n\n<p>El que est\u00e1 ubicado en las instalaciones de Protecci\u00f3n Civil, el del Auditorio Municipal y el del Centro Comunitario Nueva Rosita.<\/p>\n\n\n\n<p>El n\u00famero de contacto para reportar a alguna persona que requiera de atenci\u00f3n ante las bajas temperaturas es el 911, o bien al n\u00famero 871 7120066 en Protecci\u00f3n Civil del Municipio.<\/p>\n","protected":false},"excerpt":{"rendered":"<p>Torre\u00f3n, Coahuila. A 21 de enero de 2025 Con el prop\u00f3sito de brindar un espacio de refugio a la poblaci\u00f3n m\u00e1s vulnerable, ante el marcado descenso en la temperatura que se espera para esta noche y ma\u00f1ana mi\u00e9rcoles, persisten las acciones de atenci\u00f3n emergente por parte de la Administraci\u00f3n Municipal, mediante el \u201cOperativo Abrigo\u201d. Jorge [&hellip;]<\/p>\n","protected":false},"author":1,"featured_media":15106,"comment_status":"open","ping_status":"open","sticky":false,"template":"","format":"standard","meta":{"_monsterinsights_skip_tracking":false,"_monsterinsights_sitenote_active":false,"_monsterinsights_sitenote_note":"","_monsterinsights_sitenote_category":0,"footnotes":""},"categories":[1],"tags":[],"_links":{"self":[{"href":"https:\/\/zonalimitrofe-cbnr.com\/index.php\/wp-json\/wp\/v2\/posts\/15105"}],"collection":[{"href":"https:\/\/zonalimitrofe-cbnr.com\/index.php\/wp-json\/wp\/v2\/posts"}],"about":[{"href":"https:\/\/zonalimitrofe-cbnr.com\/index.php\/wp-json\/wp\/v2\/types\/post"}],"author":[{"embeddable":true,"href":"https:\/\/zonalimitrofe-cbnr.com\/index.php\/wp-json\/wp\/v2\/users\/1"}],"replies":[{"embeddable":true,"href":"https:\/\/zonalimitrofe-cbnr.com\/index.php\/wp-json\/wp\/v2\/comments?post=15105"}],"version-history":[{"count":1,"href":"https:\/\/zonalimitrofe-cbnr.com\/index.php\/wp-json\/wp\/v2\/posts\/15105\/revisions"}],"predecessor-version":[{"id":15107,"href":"https:\/\/zonalimitrofe-cbnr.com\/index.php\/wp-json\/wp\/v2\/posts\/15105\/revisions\/15107"}],"wp:featuredmedia":[{"embeddable":true,"href":"https:\/\/zonalimitrofe-cbnr.com\/index.php\/wp-json\/wp\/v2\/media\/15106"}],"wp:attachment":[{"href":"https:\/\/zonalimitrofe-cbnr.com\/index.php\/wp-json\/wp\/v2\/media?parent=15105"}],"wp:term":[{"taxonomy":"category","embeddable":true,"href":"https:\/\/zonalimitrofe-cbnr.com\/index.php\/wp-json\/wp\/v2\/categories?post=15105"},{"taxonomy":"post_tag","embeddable":true,"href":"https:\/\/zonalimitrofe-cbnr.com\/index.php\/wp-json\/wp\/v2\/tags?post=15105"}],"curies":[{"name":"wp","href":"https:\/\/api.w.org\/{rel}","templated":true}]}}