{"id":15099,"date":"2025-01-21T14:13:16","date_gmt":"2025-01-21T20:13:16","guid":{"rendered":"https:\/\/zonalimitrofe-cbnr.com\/?p=15099"},"modified":"2025-01-21T14:13:16","modified_gmt":"2025-01-21T20:13:16","slug":"coahuila-detonan-manolo-y-paola-mas-brigadas-invernales-ante-frente-frio","status":"publish","type":"post","link":"https:\/\/zonalimitrofe-cbnr.com\/index.php\/2025\/01\/21\/coahuila-detonan-manolo-y-paola-mas-brigadas-invernales-ante-frente-frio\/","title":{"rendered":"#Coahuila. DETONAN MANOLO Y PAOLA M\u00c1S BRIGADAS INVERNALES ANTE FRENTE FR\u00cdO"},"content":{"rendered":"\n<p>El gobernador de Coahuila y su esposa, la Presidenta de la Oficina Inspira dieron inicio las brigadas de atenci\u00f3n social ante las bajas temperaturas, mismas que se pusieron en marcha de manera simult\u00e1nea en todas las regiones del estado<\/p>\n\n\n\n<p>Ramos Arizpe, Coahuila de Zaragoza; a 20 de enero de 2025.- El gobernador Manolo Jim\u00e9nez Salinas y su esposa Paola Rodr\u00edguez L\u00f3pez, Presidenta Honoraria de la Oficina Inspira Coahuila, visitaron la comunidad de San Miguel en Ramos Arizpe para poner en marcha las brigadas invernales, las cuales se llevaron a cabo que de manera simult\u00e1nea en todas las regiones de la entidad.<\/p>\n\n\n\n<p>Acompa\u00f1ado por el alcaldeTom\u00e1s Guti\u00e9rrez Merino, as\u00ed como por Teresita Escalante Contreras, presidenta honoraria del DIF municipal, Jim\u00e9nez Salinas mencion\u00f3 que estas brigadas est\u00e1n de manera permanente a trav\u00e9s de Mejora, de Inspira, y del DIF Coahuila.<\/p>\n\n\n\n<p>&#8220;Seguimos trabajando cerca de nuestra gente. Con las Brigadas Invernales ayudamos a las colonias y ejidos m\u00e1s vulnerables del estado ante estos frentes fr\u00edos. Desde la comunidad de San Miguel en Ramos Arizpe junto con mi esposa Paola y el alcalde Tom\u00e1s Guti\u00e9rrez detonamos estas brigadas que se est\u00e1n llevando a cabo en todas las regiones de Coahuila&#8221;, se\u00f1al\u00f3 el gobernador.<\/p>\n\n\n\n<p>Agreg\u00f3 que a ra\u00edz de los frentes fr\u00edos que se presentan en la entidad, se fortalecieron estas brigadas invernales.<\/p>\n\n\n\n<p>\u201cHoy detonamos este tipo de apoyos pr\u00e1cticamente en todos los municipios de Coahuila, en equipo tanto la parte estatal como la parte municipal\u201d, extern\u00f3, al informar que se entregan casa por casa diferentes apoyos como cobijas, chamarras, guantes, gorros; alimentos como leche, fruta, verdura, chocolate caliente y pan.<\/p>\n\n\n\n<p>Manolo Jim\u00e9nez record\u00f3 que parte de su equipo de trabajo, en coordinaci\u00f3n con las alcaldesas y alcaldes de todos los municipios, est\u00e1n haciendo lo propio para apoyar a las familias coahuilenses.<\/p>\n\n\n\n<p>\u201cAprovechamos estas brigadas para decirle a nuestra gente que se cuide porque viene un poco m\u00e1s de fr\u00edo; que atiendan las indicaciones de Protecci\u00f3n Civil y que, de esa manera, todos como comunidad enfrentemos de una mejor manera estas contingencias ambientales\u201d, declar\u00f3.<\/p>\n\n\n\n<p>El Mandatario estatal record\u00f3 que el viernes se llev\u00f3 a cabo una reuni\u00f3n del Consejo Estatal de Protecci\u00f3n Civil, en donde se expusieron temas y sugerencias referentes a estos d\u00edas de intenso fr\u00edo, como el proteger las tuber\u00edas y medidores, los 103 albergues temporales en el estado, poner atenci\u00f3n en calles y carreteras por el congelamiento,<\/p>\n\n\n\n<p>\u201cHoy ya estamos todos trabajando y operando en las diversas acciones que se acordaron, as\u00ed como en los consejos municipales de Protecci\u00f3n civil, muchos de los cuales se instalaron desde el fin de semana\u201d, mencion\u00f3, e indic\u00f3 que estas brigadas se pusieron en marcha ayer domingo en la regi\u00f3n norte.<\/p>\n","protected":false},"excerpt":{"rendered":"<p>El gobernador de Coahuila y su esposa, la Presidenta de la Oficina Inspira dieron inicio las brigadas de atenci\u00f3n social ante las bajas temperaturas, mismas que se pusieron en marcha de manera simult\u00e1nea en todas las regiones del estado Ramos Arizpe, Coahuila de Zaragoza; a 20 de enero de 2025.- El gobernador Manolo Jim\u00e9nez Salinas [&hellip;]<\/p>\n","protected":false},"author":1,"featured_media":15100,"comment_status":"open","ping_status":"open","sticky":false,"template":"","format":"standard","meta":{"_monsterinsights_skip_tracking":false,"_monsterinsights_sitenote_active":false,"_monsterinsights_sitenote_note":"","_monsterinsights_sitenote_category":0,"footnotes":""},"categories":[1],"tags":[],"_links":{"self":[{"href":"https:\/\/zonalimitrofe-cbnr.com\/index.php\/wp-json\/wp\/v2\/posts\/15099"}],"collection":[{"href":"https:\/\/zonalimitrofe-cbnr.com\/index.php\/wp-json\/wp\/v2\/posts"}],"about":[{"href":"https:\/\/zonalimitrofe-cbnr.com\/index.php\/wp-json\/wp\/v2\/types\/post"}],"author":[{"embeddable":true,"href":"https:\/\/zonalimitrofe-cbnr.com\/index.php\/wp-json\/wp\/v2\/users\/1"}],"replies":[{"embeddable":true,"href":"https:\/\/zonalimitrofe-cbnr.com\/index.php\/wp-json\/wp\/v2\/comments?post=15099"}],"version-history":[{"count":1,"href":"https:\/\/zonalimitrofe-cbnr.com\/index.php\/wp-json\/wp\/v2\/posts\/15099\/revisions"}],"predecessor-version":[{"id":15101,"href":"https:\/\/zonalimitrofe-cbnr.com\/index.php\/wp-json\/wp\/v2\/posts\/15099\/revisions\/15101"}],"wp:featuredmedia":[{"embeddable":true,"href":"https:\/\/zonalimitrofe-cbnr.com\/index.php\/wp-json\/wp\/v2\/media\/15100"}],"wp:attachment":[{"href":"https:\/\/zonalimitrofe-cbnr.com\/index.php\/wp-json\/wp\/v2\/media?parent=15099"}],"wp:term":[{"taxonomy":"category","embeddable":true,"href":"https:\/\/zonalimitrofe-cbnr.com\/index.php\/wp-json\/wp\/v2\/categories?post=15099"},{"taxonomy":"post_tag","embeddable":true,"href":"https:\/\/zonalimitrofe-cbnr.com\/index.php\/wp-json\/wp\/v2\/tags?post=15099"}],"curies":[{"name":"wp","href":"https:\/\/api.w.org\/{rel}","templated":true}]}}