{"id":15096,"date":"2025-01-20T16:50:40","date_gmt":"2025-01-20T22:50:40","guid":{"rendered":"https:\/\/zonalimitrofe-cbnr.com\/?p=15096"},"modified":"2025-01-20T16:50:41","modified_gmt":"2025-01-20T22:50:41","slug":"uadec-toma-protesta-para-un-segundo-periodo-como-directora-del-idea-saltillo-la-mtra-violeta-azeneth-cedillo-rodriguez","status":"publish","type":"post","link":"https:\/\/zonalimitrofe-cbnr.com\/index.php\/2025\/01\/20\/uadec-toma-protesta-para-un-segundo-periodo-como-directora-del-idea-saltillo-la-mtra-violeta-azeneth-cedillo-rodriguez\/","title":{"rendered":"#UAdeC. Toma Protesta para un Segundo Periodo como Directora del IDEA Saltillo, la Mtra. Violeta Azeneth Cedillo Rodr\u00edguez"},"content":{"rendered":"\n<p>SALTILLO, Coahuila. 20 de enero de 2025. Ante el Consejo Directivo del Instituto de Ense\u00f1anza Abierta de Saltillo (IDEA) de la Universidad Aut\u00f3noma de Coahuila, el rector Octavio Pimentel Mart\u00ednez, tom\u00f3 protesta a la Mtra. Violeta Azeneth Cedillo Rodr\u00edguez para un segundo periodo como directora del plantel.<\/p>\n\n\n\n<p>La ceremonia se llev\u00f3 a cabo en el Auditorio Jes\u00fas Ochoa Ruesga, con la presencia de la coordinadora de Unidad Sureste, Eva Kerena Hern\u00e1ndez Mart\u00ednez, funcionariado de la administraci\u00f3n central, directores de las diversas escuelas y facultades de US, alumnos, docentes y personal administrativo y manual del IDEA.<\/p>\n\n\n\n<p>En su mensaje el rector Octavio Pimentel Mart\u00ednez, reconoci\u00f3 la labor, trabajo y empe\u00f1o de la directora Violeta Cedillo e invit\u00f3 a todos los que conforman el IDEA a continuar construyendo un mejor plantel e impulsar el bachillerato empresarial y a hacer posible el bachillerato para adultos mayores.<\/p>\n\n\n\n<p>\u201cSigamos trabajando en unidad, haciendo equipo por los Lobos de la Aut\u00f3noma de Coahuila, hay que comprometernos por quienes son el alma de la instituci\u00f3n, los universitarios, que es la generaci\u00f3n la del cambio, por ello, sigamos apost\u00e1ndole a los j\u00f3venes\u201d, se\u00f1al\u00f3.<\/p>\n\n\n\n<p>Durante la toma de protesta el Rector le entreg\u00f3 un Pin Institucional a la directora Violeta Cedillo Rodr\u00edguez, esto como s\u00edmbolo de identidad y compromiso acad\u00e9mico con la Universidad y el Instituto de Ense\u00f1anza Abierta de Saltillo.<\/p>\n\n\n\n<p>Por su parte, la directora coment\u00f3 que ser reelegida es un honor, al tiempo que agradeci\u00f3 a cada uno los docentes que comparten su conocimiento y pasi\u00f3n, al personal administrativo y manual que atienden con dedicaci\u00f3n cada detalle, y a los estudiantes por su valent\u00eda y ganas de superarse.<\/p>\n\n\n\n<p>\u201cEste compromiso no solo se renueva, se fortalece, estoy convencida de que juntos podemos llevar al IDEA a nuevas alturas, innovando en nuestras estrategias educativas, ampliando nuestras oportunidades de aprendizaje y creando un ambiente donde cada estudiante, sin importar su camino previo, encuentre un espacio para crecer y prosperar, les reitero mi gratitud y mi compromiso, este es un momento para celebrar, s\u00ed, pero tambi\u00e9n para redoblar esfuerzos y para mirar hacia el futuro con esperanza y determinaci\u00f3n\u201d, dijo.<\/p>\n","protected":false},"excerpt":{"rendered":"<p>SALTILLO, Coahuila. 20 de enero de 2025. Ante el Consejo Directivo del Instituto de Ense\u00f1anza Abierta de Saltillo (IDEA) de la Universidad Aut\u00f3noma de Coahuila, el rector Octavio Pimentel Mart\u00ednez, tom\u00f3 protesta a la Mtra. Violeta Azeneth Cedillo Rodr\u00edguez para un segundo periodo como directora del plantel. La ceremonia se llev\u00f3 a cabo en el [&hellip;]<\/p>\n","protected":false},"author":1,"featured_media":15097,"comment_status":"open","ping_status":"open","sticky":false,"template":"","format":"standard","meta":{"_monsterinsights_skip_tracking":false,"_monsterinsights_sitenote_active":false,"_monsterinsights_sitenote_note":"","_monsterinsights_sitenote_category":0,"footnotes":""},"categories":[1],"tags":[],"_links":{"self":[{"href":"https:\/\/zonalimitrofe-cbnr.com\/index.php\/wp-json\/wp\/v2\/posts\/15096"}],"collection":[{"href":"https:\/\/zonalimitrofe-cbnr.com\/index.php\/wp-json\/wp\/v2\/posts"}],"about":[{"href":"https:\/\/zonalimitrofe-cbnr.com\/index.php\/wp-json\/wp\/v2\/types\/post"}],"author":[{"embeddable":true,"href":"https:\/\/zonalimitrofe-cbnr.com\/index.php\/wp-json\/wp\/v2\/users\/1"}],"replies":[{"embeddable":true,"href":"https:\/\/zonalimitrofe-cbnr.com\/index.php\/wp-json\/wp\/v2\/comments?post=15096"}],"version-history":[{"count":1,"href":"https:\/\/zonalimitrofe-cbnr.com\/index.php\/wp-json\/wp\/v2\/posts\/15096\/revisions"}],"predecessor-version":[{"id":15098,"href":"https:\/\/zonalimitrofe-cbnr.com\/index.php\/wp-json\/wp\/v2\/posts\/15096\/revisions\/15098"}],"wp:featuredmedia":[{"embeddable":true,"href":"https:\/\/zonalimitrofe-cbnr.com\/index.php\/wp-json\/wp\/v2\/media\/15097"}],"wp:attachment":[{"href":"https:\/\/zonalimitrofe-cbnr.com\/index.php\/wp-json\/wp\/v2\/media?parent=15096"}],"wp:term":[{"taxonomy":"category","embeddable":true,"href":"https:\/\/zonalimitrofe-cbnr.com\/index.php\/wp-json\/wp\/v2\/categories?post=15096"},{"taxonomy":"post_tag","embeddable":true,"href":"https:\/\/zonalimitrofe-cbnr.com\/index.php\/wp-json\/wp\/v2\/tags?post=15096"}],"curies":[{"name":"wp","href":"https:\/\/api.w.org\/{rel}","templated":true}]}}