{"id":15069,"date":"2025-01-20T16:22:38","date_gmt":"2025-01-20T22:22:38","guid":{"rendered":"https:\/\/zonalimitrofe-cbnr.com\/?p=15069"},"modified":"2025-01-20T16:22:38","modified_gmt":"2025-01-20T22:22:38","slug":"uadec-en-la-uadec-unidad-laguna-presentan-el-plan-de-trabajo-2025-del-consejo-nacional-de-normalizacion-y-certificacion-de-competencias-laborales","status":"publish","type":"post","link":"https:\/\/zonalimitrofe-cbnr.com\/index.php\/2025\/01\/20\/uadec-en-la-uadec-unidad-laguna-presentan-el-plan-de-trabajo-2025-del-consejo-nacional-de-normalizacion-y-certificacion-de-competencias-laborales\/","title":{"rendered":"#UAdeC. En la UAdeC Unidad Laguna Presentan el Plan de Trabajo 2025 del Consejo Nacional de Normalizaci\u00f3n y Certificaci\u00f3n de Competencias Laborales"},"content":{"rendered":"\n<p>TORRE\u00d3N, Coahuila. 20 de enero de 2025. Este lunes en el auditorio de la Facultad de Contadur\u00eda y Administraci\u00f3n (FCA) de la Universidad Aut\u00f3noma de Coahuila Unidad Laguna, se llev\u00f3 a cabo la Presentaci\u00f3n de la Alineaci\u00f3n del Modelo Educativo de la UAdeC a los trabajos del Plan Nacional de Desarrollo 2030, as\u00ed como la presentaci\u00f3n de las estrategias del Plan de Trabajo 2025 del Consejo Nacional de Normalizaci\u00f3n y Certificaci\u00f3n de Competencias Laborales (CONOCER), y la entrega de Certificados de Competencia a alumnos, maestros y usuarios de la Entidad Certificadora y Evaluadora.<\/p>\n\n\n\n<p>Se cont\u00f3 con la presencia de la directora general del CONOCER, Mar\u00eda Guillermina Alvarado Moreno, el secretario general de la Universidad Aut\u00f3noma de Coahuila, V\u00edctor Manuel S\u00e1nchez Vald\u00e9s, la coordinadora de la Unidad Laguna, Sandra L\u00f3pez Chavarr\u00eda, el director del Instituto de Capacitaci\u00f3n para el Trabajo del Estado de Coahuila (ICATEC) Coahuila, Marco Antonio Cant\u00fa Vega, el coordinador de atenci\u00f3n y servicios a usuarios del CONOCER, Aar\u00f3n Osuna Espinoza, el encargado de entidad certificadora y evaluadora de la UAdeC, Manuel Medina Elizondo.<\/p>\n\n\n\n<p>As\u00ed mismo, la directora de la Facultad de Contadur\u00eda y Administraci\u00f3n UL, Reyna Jazm\u00edn Rodr\u00edguez Trejo, y representantes de organismos empresariales, directivos de escuelas y facultades, personal docente y administrativo de la Unidad Laguna.<\/p>\n\n\n\n<p>En su mensaje la directora general del CONOCER, Mtra. Mar\u00eda Guillermina Alvarado Moreno, agradeci\u00f3 a la Universidad Aut\u00f3noma de Coahuila por el trabajo realizado y por contar con su aprobaci\u00f3n y compromiso de llevar a cabo la profesionalizaci\u00f3n y el fortalecimiento de las competencias laborales, siendo aliados estrat\u00e9gicos en la construcci\u00f3n de un M\u00e9xico m\u00e1s preparado y competitivo.<\/p>\n\n\n\n<p>Este evento, dijo, representa una oportunidad para compartir las expectativas y planes de trabajo del CONOCER para el a\u00f1o 2025, para garantizar que las competencias laborales sean un motor de transformaci\u00f3n para la fuerza laboral y las instituciones, e impulsar nuevos est\u00e1ndares de competencia que se conviertan en referentes obligatorios de diferentes actividades que responder\u00e1n a las demandas del mercado laboral nacional e internacional.<\/p>\n\n\n\n<p>Alvarado Moreno enfatiz\u00f3 que esta colaboraci\u00f3n de la alineaci\u00f3n del modelo educativo de la Universidad Aut\u00f3noma de Coahuila con las estrategias del Plan M\u00e9xico y los objetivos del CONOCER, es un esfuerzo en conjunto que se traduce en una muestra del compromiso que comparten por vincular la educaci\u00f3n y el mercado, generando un sistema en el que el conocimiento acad\u00e9mico se complementa con habilidades y pr\u00e1cticas avaladas oficialmente.<\/p>\n\n\n\n<p>Por su parte, el secretario general de la Universidad Aut\u00f3noma de Coahuila, V\u00edctor Manuel S\u00e1nchez Vald\u00e9s, manifest\u00f3 que la UAdeC es una instituci\u00f3n aliada en el proceso de Certificaci\u00f3n de las Competencias Laborales, y que adem\u00e1s ha sido pionera en la materia de certificaciones, con el esfuerzo y trabajo realizado por el doctor Manuel Medina Elizondo.<\/p>\n\n\n\n<p>A\u00f1adi\u00f3 que las competencias tienen un papel central, por ello se deben incorporar de forma obligatoria al menos cuatro competencias, ya que la finalidad es que cuando los estudiantes egresen tengan una ventaja competitiva contra quienes salen de otras instituciones.<\/p>\n\n\n\n<p>El director del Instituto de Capacitaci\u00f3n para el Trabajo del Estado de Coahuila (ICATEC), Marco Antonio Cant\u00fa Vega, indic\u00f3 que para este instituto como entidad certificadora social del Sistema Nacional de Competencias es de fundamental trascendencia poder llegar a los diferentes rincones de la entidad para brindar el conocimiento a trav\u00e9s de una competencia.<\/p>\n\n\n\n<p>A\u00f1adi\u00f3 que, la capacitaci\u00f3n y la certificaci\u00f3n se constituyen como elementos indisolubles de este nuevo rostro que se est\u00e1 construyendo de la sociedad mexicana, por lo que el modelo de certificaci\u00f3n del ICATEC, ha sido elaborado de la mano con la Universidad Aut\u00f3noma de Coahuila, con la finalidad de crear un futuro m\u00e1s pr\u00f3spero de bienestar y crecimiento.<\/p>\n\n\n\n<p>En el evento se realiz\u00f3 la entrega de Certificados de Competencia a alumnos, maestros y usuarios de la Entidad Certificadora y Evaluadora: Juan Francisco Caballero Torres, ECO247 Presentaci\u00f3n de Servicios en Consultor\u00eda en Gesti\u00f3n Organizacional; Lorena Argentina Medina Bocanegra, Julieta Estefan\u00eda Mart\u00ednez Aguilar, Mar\u00eda del Refugio Adame Guereca, Mirna Leticia Soto Soto, y Reyna Jazm\u00edn Rodr\u00edguez Trejo, ECO779 Transversalizaci\u00f3n de la Perspectiva de G\u00e9nero en la Administraci\u00f3n P\u00fablica Municipal.<\/p>\n\n\n\n<p>Francisco Canibe Cruz, EC1259 Ejecuci\u00f3n de Labores en la Modalidad de Trabajo a Distancia Mediante el Uso de las Tecnolog\u00edas de la Informaci\u00f3n y Comunicaci\u00f3n; Pablo Garc\u00eda Ysais, ECO39701 Vigilancia de Cumplimiento de la Normatividad en Seguridad y Salud en el Trabajo.<\/p>\n\n\n\n<p>Tambi\u00e9n, Jorge Ignacio Montoya Ort\u00edz, Diego Alfonso Olivares Gonz\u00e1lez, Abraham L\u00f3pez Cruz, \u00c9dgar Oswaldo Sald\u00edvar Contreras, Britney Estefany Ortiz Nery. Kenya Victoria Mart\u00ednez Delf\u00edn, Alberto Bajaras Zamora; Hugo Osvaldo Barrientos Agui\u00f1aga, Liam Gael Hidalgo Mu\u00f1iz, Alejandro Emerick Fern\u00e1ndez, Diego Javier Yescas S\u00e1nchez, Christopher Ru\u00edz Luna y Josu\u00e9 Manuel L\u00f3pez Pichardo, ECO241 Mantenimiento Industrial.<\/p>\n","protected":false},"excerpt":{"rendered":"<p>TORRE\u00d3N, Coahuila. 20 de enero de 2025. Este lunes en el auditorio de la Facultad de Contadur\u00eda y Administraci\u00f3n (FCA) de la Universidad Aut\u00f3noma de Coahuila Unidad Laguna, se llev\u00f3 a cabo la Presentaci\u00f3n de la Alineaci\u00f3n del Modelo Educativo de la UAdeC a los trabajos del Plan Nacional de Desarrollo 2030, as\u00ed como la [&hellip;]<\/p>\n","protected":false},"author":1,"featured_media":15070,"comment_status":"open","ping_status":"open","sticky":false,"template":"","format":"standard","meta":{"_monsterinsights_skip_tracking":false,"_monsterinsights_sitenote_active":false,"_monsterinsights_sitenote_note":"","_monsterinsights_sitenote_category":0,"footnotes":""},"categories":[1],"tags":[],"_links":{"self":[{"href":"https:\/\/zonalimitrofe-cbnr.com\/index.php\/wp-json\/wp\/v2\/posts\/15069"}],"collection":[{"href":"https:\/\/zonalimitrofe-cbnr.com\/index.php\/wp-json\/wp\/v2\/posts"}],"about":[{"href":"https:\/\/zonalimitrofe-cbnr.com\/index.php\/wp-json\/wp\/v2\/types\/post"}],"author":[{"embeddable":true,"href":"https:\/\/zonalimitrofe-cbnr.com\/index.php\/wp-json\/wp\/v2\/users\/1"}],"replies":[{"embeddable":true,"href":"https:\/\/zonalimitrofe-cbnr.com\/index.php\/wp-json\/wp\/v2\/comments?post=15069"}],"version-history":[{"count":1,"href":"https:\/\/zonalimitrofe-cbnr.com\/index.php\/wp-json\/wp\/v2\/posts\/15069\/revisions"}],"predecessor-version":[{"id":15071,"href":"https:\/\/zonalimitrofe-cbnr.com\/index.php\/wp-json\/wp\/v2\/posts\/15069\/revisions\/15071"}],"wp:featuredmedia":[{"embeddable":true,"href":"https:\/\/zonalimitrofe-cbnr.com\/index.php\/wp-json\/wp\/v2\/media\/15070"}],"wp:attachment":[{"href":"https:\/\/zonalimitrofe-cbnr.com\/index.php\/wp-json\/wp\/v2\/media?parent=15069"}],"wp:term":[{"taxonomy":"category","embeddable":true,"href":"https:\/\/zonalimitrofe-cbnr.com\/index.php\/wp-json\/wp\/v2\/categories?post=15069"},{"taxonomy":"post_tag","embeddable":true,"href":"https:\/\/zonalimitrofe-cbnr.com\/index.php\/wp-json\/wp\/v2\/tags?post=15069"}],"curies":[{"name":"wp","href":"https:\/\/api.w.org\/{rel}","templated":true}]}}