{"id":15066,"date":"2025-01-20T16:08:09","date_gmt":"2025-01-20T22:08:09","guid":{"rendered":"https:\/\/zonalimitrofe-cbnr.com\/?p=15066"},"modified":"2025-01-20T16:08:09","modified_gmt":"2025-01-20T22:08:09","slug":"gp-invitan-a-la-proyeccion-del-documental-titulado-lo-ultimo-que-escuche-de-samuel","status":"publish","type":"post","link":"https:\/\/zonalimitrofe-cbnr.com\/index.php\/2025\/01\/20\/gp-invitan-a-la-proyeccion-del-documental-titulado-lo-ultimo-que-escuche-de-samuel\/","title":{"rendered":"#GP. Invitan a la proyecci\u00f3n del documental titulado \u201cLo \u00daltimo que Escuch\u00e9 de Samuel\u201d*"},"content":{"rendered":"\n<p>Apoyando a los creadores de cine de la regi\u00f3n y difundiendo el talento lagunero, el Ayuntamiento de G\u00f3mez Palacio, a trav\u00e9s de la Direcci\u00f3n de Arte y Cultura, realizar\u00e1 la proyecci\u00f3n del documental titulado \u201cLo \u00daltimo que Escuch\u00e9 de Samuel\u201d.<\/p>\n\n\n\n<p>Melisa Reuter P\u00e9rez, directora de Arte y Cultura, mencion\u00f3 que la presentaci\u00f3n del documental se llevar\u00e1 a cabo este pr\u00f3ximo s\u00e1bado, 25 de enero, a las 5 de la tarde en el Teatro Alberto M. Alvarado. El evento contar\u00e1 con una alfombra roja para los actores, directores e invitados especiales, y la entrada ser\u00e1 libre para el p\u00fablico.<\/p>\n\n\n\n<p>Mencion\u00f3 que el documental fue producido por \u201cThe Shape Records\u201d bajo la direcci\u00f3n del lagunero Ignacio Quiroz. Su obra ser\u00e1 proyectada para dar espacio a su difusi\u00f3n y, de esta forma, apoyar el talento local que se abre camino en el mundo del cine.<\/p>\n\n\n\n<p>Es importante destacar que la Presidenta Municipal Leticia Herrera Ale ha manifestado su inter\u00e9s en generar espacios para el desarrollo de los talentos art\u00edsticos, y que estos sirvan para el sano esparcimiento y convivencia de las familias.<\/p>\n\n\n\n<p>Reuter P\u00e9rez reiter\u00f3 la invitaci\u00f3n a la ciudadan\u00eda para que asistan a esta presentaci\u00f3n y disfruten del talento de creadores laguneros. Los interesados pueden obtener m\u00e1s informaci\u00f3n en el perfil de Facebook de la Direcci\u00f3n de Arte y Cultura de G\u00f3mez Palacio y asistir a presenciar este documental.<\/p>\n","protected":false},"excerpt":{"rendered":"<p>Apoyando a los creadores de cine de la regi\u00f3n y difundiendo el talento lagunero, el Ayuntamiento de G\u00f3mez Palacio, a trav\u00e9s de la Direcci\u00f3n de Arte y Cultura, realizar\u00e1 la proyecci\u00f3n del documental titulado \u201cLo \u00daltimo que Escuch\u00e9 de Samuel\u201d. Melisa Reuter P\u00e9rez, directora de Arte y Cultura, mencion\u00f3 que la presentaci\u00f3n del documental se [&hellip;]<\/p>\n","protected":false},"author":1,"featured_media":15067,"comment_status":"open","ping_status":"open","sticky":false,"template":"","format":"standard","meta":{"_monsterinsights_skip_tracking":false,"_monsterinsights_sitenote_active":false,"_monsterinsights_sitenote_note":"","_monsterinsights_sitenote_category":0,"footnotes":""},"categories":[1],"tags":[],"_links":{"self":[{"href":"https:\/\/zonalimitrofe-cbnr.com\/index.php\/wp-json\/wp\/v2\/posts\/15066"}],"collection":[{"href":"https:\/\/zonalimitrofe-cbnr.com\/index.php\/wp-json\/wp\/v2\/posts"}],"about":[{"href":"https:\/\/zonalimitrofe-cbnr.com\/index.php\/wp-json\/wp\/v2\/types\/post"}],"author":[{"embeddable":true,"href":"https:\/\/zonalimitrofe-cbnr.com\/index.php\/wp-json\/wp\/v2\/users\/1"}],"replies":[{"embeddable":true,"href":"https:\/\/zonalimitrofe-cbnr.com\/index.php\/wp-json\/wp\/v2\/comments?post=15066"}],"version-history":[{"count":1,"href":"https:\/\/zonalimitrofe-cbnr.com\/index.php\/wp-json\/wp\/v2\/posts\/15066\/revisions"}],"predecessor-version":[{"id":15068,"href":"https:\/\/zonalimitrofe-cbnr.com\/index.php\/wp-json\/wp\/v2\/posts\/15066\/revisions\/15068"}],"wp:featuredmedia":[{"embeddable":true,"href":"https:\/\/zonalimitrofe-cbnr.com\/index.php\/wp-json\/wp\/v2\/media\/15067"}],"wp:attachment":[{"href":"https:\/\/zonalimitrofe-cbnr.com\/index.php\/wp-json\/wp\/v2\/media?parent=15066"}],"wp:term":[{"taxonomy":"category","embeddable":true,"href":"https:\/\/zonalimitrofe-cbnr.com\/index.php\/wp-json\/wp\/v2\/categories?post=15066"},{"taxonomy":"post_tag","embeddable":true,"href":"https:\/\/zonalimitrofe-cbnr.com\/index.php\/wp-json\/wp\/v2\/tags?post=15066"}],"curies":[{"name":"wp","href":"https:\/\/api.w.org\/{rel}","templated":true}]}}