{"id":15063,"date":"2025-01-20T16:05:21","date_gmt":"2025-01-20T22:05:21","guid":{"rendered":"https:\/\/zonalimitrofe-cbnr.com\/?p=15063"},"modified":"2025-01-20T16:05:22","modified_gmt":"2025-01-20T22:05:22","slug":"durango-la-ujed-tiene-gobernador-amigo-y-universitario-en-equipo-trabajaremos-para-que-renazca-la-maxima-casa-de-estudios","status":"publish","type":"post","link":"https:\/\/zonalimitrofe-cbnr.com\/index.php\/2025\/01\/20\/durango-la-ujed-tiene-gobernador-amigo-y-universitario-en-equipo-trabajaremos-para-que-renazca-la-maxima-casa-de-estudios\/","title":{"rendered":"#Durango. \u201cLa UJED tiene Gobernador amigo y universitario; en equipo trabajaremos para que renazca la M\u00e1xima Casa de Estudios\u201d*"},"content":{"rendered":"\n<ul>\n<li><em>El Mandatario Estatal brind\u00f3 su respaldo a la Universidad y a su rector Ram\u00f3n Garc\u00eda para juntos recuperar la identidad e impulsar nuevos proyectos que fortalezcan esta instituci\u00f3n.<\/em><\/li>\n<\/ul>\n\n\n\n<p>\u201cVamos a respetar la autonom\u00eda de la Universidad y haremos un gran equipo para que la UJED renazca este 2025 y recupere su identidad\u201d, afirm\u00f3 el gobernador Esteban Villegas Villarreal durante una reuni\u00f3n con el rector de la Universidad Ju\u00e1rez del Estado de Durango, Ram\u00f3n Garc\u00eda Rivera, directores de distintas facultades y autoridades.<\/p>\n\n\n\n<p>\u201cSoy un apasionado de la UJED y, en unidad, se har\u00e1n mejor las cosas\u201d, expres\u00f3 el mandatario estatal al reiterar el respaldo total del Gobierno del Estado para desarrollar junto con el rector nuevos proyectos que fortalezcan esta instituci\u00f3n.<\/p>\n\n\n\n<p>Villegas destac\u00f3 la necesidad de que la Universidad genere recursos propios que le permitan alcanzar una mayor autonom\u00eda financiera y recuperar su identidad, subrayando que este es el momento ideal para que la UJED retome su grandeza.<br>Estas palabras las comparti\u00f3 durante un desayuno ameno con el personal universitario.<\/p>\n\n\n\n<p>Por su parte, el rector Ram\u00f3n Garc\u00eda Rivera agradeci\u00f3 el apoyo del Gobernador. \u201cTenemos un mes al frente y no la recibimos en buenas condiciones financieras. Gracias a su equipo, que nos ha escuchado y ayudado, hemos logrado cumplir con algunos compromisos. Estamos listos para trabajar por la Universidad con lealtad y disciplina, para rescatar esta gran instituci\u00f3n\u201d, asegur\u00f3.<\/p>\n\n\n\n<p>En el encuentro, el equipo de la UJED destac\u00f3 las ventajas que posee esta M\u00e1xima Casa de Estudios, as\u00ed como las oportunidades para impulsar nuevos proyectos. Tambi\u00e9n agradecieron el respaldo del Gobernador y reafirmaron su compromiso de trabajar de la mano con el Gobierno del Estado para que tanto Durango como la Universidad renazcan este 2025.<\/p>\n\n\n\n<p>El Gobernador estuvo acompa\u00f1ado con parte de su gabinete, entre ellos: Ana Rosa Hern\u00e1ndez Renter\u00eda, titular de la Secretar\u00eda de Comunicaciones y Obras P\u00fablicas; Franklin Corlay Aguilar, secretario de Finanzas; Guillermo Adame, titular de la Secretar\u00eda de Educaci\u00f3n; Jaciel Chac\u00f3n Bueno, director de Proyectos y Programas Estrat\u00e9gicos; Francisco P\u00e9rez Meza, titular del Instituto de Cultura; V\u00edctor Hugo Hern\u00e1ndez Fuentes, director de Comunicaci\u00f3n Social; Emmanuel del Palacio Sicsik, director del Instituto para la Infraestructura F\u00edsica Educativa; y Jes\u00fas Salazar, coordinador general de Gesti\u00f3n Gubernamental.<\/p>\n","protected":false},"excerpt":{"rendered":"<p>\u201cVamos a respetar la autonom\u00eda de la Universidad y haremos un gran equipo para que la UJED renazca este 2025 y recupere su identidad\u201d, afirm\u00f3 el gobernador Esteban Villegas Villarreal durante una reuni\u00f3n con el rector de la Universidad Ju\u00e1rez del Estado de Durango, Ram\u00f3n Garc\u00eda Rivera, directores de distintas facultades y autoridades. \u201cSoy un [&hellip;]<\/p>\n","protected":false},"author":1,"featured_media":15064,"comment_status":"open","ping_status":"open","sticky":false,"template":"","format":"standard","meta":{"_monsterinsights_skip_tracking":false,"_monsterinsights_sitenote_active":false,"_monsterinsights_sitenote_note":"","_monsterinsights_sitenote_category":0,"footnotes":""},"categories":[1],"tags":[],"_links":{"self":[{"href":"https:\/\/zonalimitrofe-cbnr.com\/index.php\/wp-json\/wp\/v2\/posts\/15063"}],"collection":[{"href":"https:\/\/zonalimitrofe-cbnr.com\/index.php\/wp-json\/wp\/v2\/posts"}],"about":[{"href":"https:\/\/zonalimitrofe-cbnr.com\/index.php\/wp-json\/wp\/v2\/types\/post"}],"author":[{"embeddable":true,"href":"https:\/\/zonalimitrofe-cbnr.com\/index.php\/wp-json\/wp\/v2\/users\/1"}],"replies":[{"embeddable":true,"href":"https:\/\/zonalimitrofe-cbnr.com\/index.php\/wp-json\/wp\/v2\/comments?post=15063"}],"version-history":[{"count":1,"href":"https:\/\/zonalimitrofe-cbnr.com\/index.php\/wp-json\/wp\/v2\/posts\/15063\/revisions"}],"predecessor-version":[{"id":15065,"href":"https:\/\/zonalimitrofe-cbnr.com\/index.php\/wp-json\/wp\/v2\/posts\/15063\/revisions\/15065"}],"wp:featuredmedia":[{"embeddable":true,"href":"https:\/\/zonalimitrofe-cbnr.com\/index.php\/wp-json\/wp\/v2\/media\/15064"}],"wp:attachment":[{"href":"https:\/\/zonalimitrofe-cbnr.com\/index.php\/wp-json\/wp\/v2\/media?parent=15063"}],"wp:term":[{"taxonomy":"category","embeddable":true,"href":"https:\/\/zonalimitrofe-cbnr.com\/index.php\/wp-json\/wp\/v2\/categories?post=15063"},{"taxonomy":"post_tag","embeddable":true,"href":"https:\/\/zonalimitrofe-cbnr.com\/index.php\/wp-json\/wp\/v2\/tags?post=15063"}],"curies":[{"name":"wp","href":"https:\/\/api.w.org\/{rel}","templated":true}]}}