{"id":15060,"date":"2025-01-20T16:03:54","date_gmt":"2025-01-20T22:03:54","guid":{"rendered":"https:\/\/zonalimitrofe-cbnr.com\/?p=15060"},"modified":"2025-01-20T16:03:54","modified_gmt":"2025-01-20T22:03:54","slug":"se-suma-lerdo-a-programa-nacional-de-vialidades-seguras-para-mujeres","status":"publish","type":"post","link":"https:\/\/zonalimitrofe-cbnr.com\/index.php\/2025\/01\/20\/se-suma-lerdo-a-programa-nacional-de-vialidades-seguras-para-mujeres\/","title":{"rendered":"SE SUMA LERDO A PROGRAMA NACIONAL DE VIALIDADES SEGURAS PARA MUJERES*"},"content":{"rendered":"\n<p>Lerdo, 20 de enero 2025.- El Presidente Municipal de Lerdo Homero Mart\u00ednez Cabrera calific\u00f3 como un \u201cencuentro hist\u00f3rico\u201d la primera reuni\u00f3n del a\u00f1o con la Presidenta de la Rep\u00fablica Claudia Sheinbaum, y destac\u00f3 una de las propuestas que se plantearon en dicha reuni\u00f3n para el dise\u00f1o e implementaci\u00f3n de calles seguras para mujeres y ni\u00f1as, se\u00f1alando que el libramiento perif\u00e9rico del municipio de Lerdo se adecuar\u00e1 para mejorar los \u00edndices de seguridad.<\/p>\n\n\n\n<p>\u201cEl encuentro que tuvimos a nivel nacional es hist\u00f3rico, por primera vez el Presidente de la Rep\u00fablica convoca a los 2,478 alcaldes que tenemos a nivel nacional. Y, bienvenidas las propuestas que hicieron\u201d<\/p>\n\n\n\n<p>El Alcalde Homero Mart\u00ednez comparti\u00f3 que durante esta reuni\u00f3n, la Jefa de Gobierno de la Ciudad de M\u00e9xico, Clara Marina Brugada Molina, hizo una propuesta para la construcci\u00f3n y adecuaci\u00f3n de bulevares como vialidades seguras para las mujeres, que contribuyan a la prevenci\u00f3n de la discriminaci\u00f3n y la violencia de g\u00e9nero, bajo el entendido de que si una calle es m\u00e1s segura para ellas, ser\u00e1 m\u00e1s segura para todas las personas.<\/p>\n\n\n\n<p>\u201cLa Presidenta Claudia Sheinbaum nos invit\u00f3 para implementar ese modelo en al menos una vialidad a nivel pa\u00eds: iluminar al cien por ciento esa vialidad, hermosearla. Yo creo que aqu\u00ed, en Lerdo, ser\u00eda la parte del perif\u00e9rico donde nosotros podamos replicar lo que nos plantearon, con la finalidad de que las mujeres se sientan seguras al momento de transitar por dicha vialidad\u201d<\/p>\n\n\n\n<p>Tambi\u00e9n, agreg\u00f3 que la Presidenta hizo el exhorto a las autoridades gubernamentales para sumarse al plan h\u00eddrico, presentado a trav\u00e9s de la Comisi\u00f3n Nacional del Agua, para trabajar en la mejora de eficiencia.<\/p>\n\n\n\n<p>\u201cTal es el caso de que el recurso del pa\u00eds vaya destinado precisamente a eso para que nosotros, como municipio, podamos hacer obras y acciones en mejorar la eficiencia, es decir, que con menos agua se abastezca a la poblaci\u00f3n\u201d<\/p>\n\n\n\n<p>Otro tema que se abord\u00f3 fue el cambio respecto a las reglas de operaci\u00f3n del Fondo de Infraestructura Social que los municipios reciben, permiti\u00e9ndoles potenciar dicho recurso. Celebr\u00f3 que el Gobernador del Estado de Durango, Esteban Villegas, firm\u00f3 el acuerdo que permitir\u00e1 hacer la mezcla de manera tripartita entre federaci\u00f3n, estado y municipio, de acuerdo a la Ley de Coordinaci\u00f3n Fiscal.<\/p>\n\n\n\n<p>\u201cHabremos de esperar c\u00f3mo publican las reglas de operaci\u00f3n, porque se hablaba de algunos porcentajes que se deben destinar a tema de agua potable y de saneamiento, se hablaba de la posibilidad de un 25%, pero no sabemos cu\u00e1nto. A nosotros como municipio, yo he dicho, bienvenida la propuesta\u201d<\/p>\n\n\n\n<p>Agreg\u00f3 que dentro de los proyectos para el municipio, que se relacionan con el tema de agua, est\u00e1 el pozo de Picard\u00edas y la propuesta de una primera etapa para brindar atenci\u00f3n al emisor de la colonia Pancho Villa Norte y Sur, con una obra de interconexi\u00f3n desde la colonia el Centauro hasta el colector principal que conduce a la planta de tratamiento, esta \u00faltima obra con una inversi\u00f3n de 35 millones de pesos.<\/p>\n","protected":false},"excerpt":{"rendered":"<p>Lerdo, 20 de enero 2025.- El Presidente Municipal de Lerdo Homero Mart\u00ednez Cabrera calific\u00f3 como un \u201cencuentro hist\u00f3rico\u201d la primera reuni\u00f3n del a\u00f1o con la Presidenta de la Rep\u00fablica Claudia Sheinbaum, y destac\u00f3 una de las propuestas que se plantearon en dicha reuni\u00f3n para el dise\u00f1o e implementaci\u00f3n de calles seguras para mujeres y ni\u00f1as, [&hellip;]<\/p>\n","protected":false},"author":1,"featured_media":15061,"comment_status":"open","ping_status":"open","sticky":false,"template":"","format":"standard","meta":{"_monsterinsights_skip_tracking":false,"_monsterinsights_sitenote_active":false,"_monsterinsights_sitenote_note":"","_monsterinsights_sitenote_category":0,"footnotes":""},"categories":[1],"tags":[],"_links":{"self":[{"href":"https:\/\/zonalimitrofe-cbnr.com\/index.php\/wp-json\/wp\/v2\/posts\/15060"}],"collection":[{"href":"https:\/\/zonalimitrofe-cbnr.com\/index.php\/wp-json\/wp\/v2\/posts"}],"about":[{"href":"https:\/\/zonalimitrofe-cbnr.com\/index.php\/wp-json\/wp\/v2\/types\/post"}],"author":[{"embeddable":true,"href":"https:\/\/zonalimitrofe-cbnr.com\/index.php\/wp-json\/wp\/v2\/users\/1"}],"replies":[{"embeddable":true,"href":"https:\/\/zonalimitrofe-cbnr.com\/index.php\/wp-json\/wp\/v2\/comments?post=15060"}],"version-history":[{"count":1,"href":"https:\/\/zonalimitrofe-cbnr.com\/index.php\/wp-json\/wp\/v2\/posts\/15060\/revisions"}],"predecessor-version":[{"id":15062,"href":"https:\/\/zonalimitrofe-cbnr.com\/index.php\/wp-json\/wp\/v2\/posts\/15060\/revisions\/15062"}],"wp:featuredmedia":[{"embeddable":true,"href":"https:\/\/zonalimitrofe-cbnr.com\/index.php\/wp-json\/wp\/v2\/media\/15061"}],"wp:attachment":[{"href":"https:\/\/zonalimitrofe-cbnr.com\/index.php\/wp-json\/wp\/v2\/media?parent=15060"}],"wp:term":[{"taxonomy":"category","embeddable":true,"href":"https:\/\/zonalimitrofe-cbnr.com\/index.php\/wp-json\/wp\/v2\/categories?post=15060"},{"taxonomy":"post_tag","embeddable":true,"href":"https:\/\/zonalimitrofe-cbnr.com\/index.php\/wp-json\/wp\/v2\/tags?post=15060"}],"curies":[{"name":"wp","href":"https:\/\/api.w.org\/{rel}","templated":true}]}}