{"id":15057,"date":"2025-01-20T16:00:11","date_gmt":"2025-01-20T22:00:11","guid":{"rendered":"https:\/\/zonalimitrofe-cbnr.com\/?p=15057"},"modified":"2025-01-20T16:00:11","modified_gmt":"2025-01-20T22:00:11","slug":"torreon-roman-cepeda-gonzalez-informa-sobre-su-agenda-de-gobierno-destaca-acciones-del-operativo-abrigo-consejo-del-simas-y-foros-ciudadanos","status":"publish","type":"post","link":"https:\/\/zonalimitrofe-cbnr.com\/index.php\/2025\/01\/20\/torreon-roman-cepeda-gonzalez-informa-sobre-su-agenda-de-gobierno-destaca-acciones-del-operativo-abrigo-consejo-del-simas-y-foros-ciudadanos\/","title":{"rendered":"#Torre\u00f3n. Rom\u00e1n Cepeda Gonz\u00e1lez informa sobre su agenda de gobierno; destaca acciones del Operativo Abrigo, Consejo del SIMAS y Foros Ciudadanos"},"content":{"rendered":"\n<p>Torre\u00f3n, Coahuila. A 20 de enero de 2025<\/p>\n\n\n\n<p>Este lunes el alcalde Rom\u00e1n Alberto Cepeda Gonz\u00e1lez inform\u00f3 en rueda de prensa sobre su agenda de gobierno para hoy y los pr\u00f3ximos d\u00edas, en donde destac\u00f3 las acciones a tomar por el ingreso del frente fr\u00edo n\u00famero 24; la sesi\u00f3n de instalaci\u00f3n del Consejo del SIMAS; y la apertura de la convocatoria para los Foros Ciudadanos.<\/p>\n\n\n\n<p>En primer t\u00e9rmino, el Presidente Municipal mencion\u00f3 que ante los pron\u00f3sticos que se tienen de temperaturas de hasta menos dos grados cent\u00edgrados durante esta semana, se intensificar\u00e1n acciones del Operativo Abrigo, arrancando hoy en el ejido Estrella, simult\u00e1neamente con los distintos sectores y colonias de Torre\u00f3n.<\/p>\n\n\n\n<p>Dijo que se entregar\u00e1n kits de cobertores, alimentos y otros art\u00edculos que permitan mitigar el fr\u00edo.<\/p>\n\n\n\n<p>Adem\u00e1s, resalt\u00f3 que los refugios temporales est\u00e1n abiertos las 24 horas, donde hasta el momento hay 20 personas albergadas.<\/p>\n\n\n\n<p>Los refugios habilitados son el de DIF Nueva Rosita, ubicado en bulevar Independencia 2233, colonia Nueva Rosita; Protecci\u00f3n Civil, prolongaci\u00f3n Degollado entre avenida Delicias y bulevar Revoluci\u00f3n, (Instalaciones Protecci\u00f3n Civil y Bomberos); y el Auditorio Municipal, en prolongaci\u00f3n Degollado y J. Mart\u00ednez Chavarr\u00eda, colonia Luis Echeverr\u00eda.<\/p>\n\n\n\n<p>De igual forma, el Alcalde resalt\u00f3 la coordinaci\u00f3n con el Gobierno del Estado y las direcciones como Protecci\u00f3n Civil, Seguridad P\u00fablica, y Tr\u00e1nsito y Vialidad, entre otras, para atender a las personas en situaci\u00f3n de calle.<\/p>\n\n\n\n<p>Respecto al Consejo Directivo del SIMAS TORRE\u00d3N para el periodo 2025- 2026- 2027, Cepeda Gonz\u00e1lez dijo que la sesi\u00f3n de instalaci\u00f3n se llevar\u00e1 a cabo esta tarde, y present\u00f3 la terna de candidatos para Gerente General de la paramunicipal:<\/p>\n\n\n\n<p>Rogelio Vizuett Fragoso; Julio Fisher Almaraz; y Roberto Escalante Gonz\u00e1lez.<\/p>\n\n\n\n<p>Esta tarde se tomar\u00e1 protesta a quien resulte electo por el Consejo, durante su primera sesi\u00f3n ordinaria.<\/p>\n\n\n\n<p>En otro asunto, el Alcalde inform\u00f3 que este lunes se abre la convocatoria para los Foros Ciudadanos, y resalt\u00f3 que la participaci\u00f3n de todos los sectores de la poblaci\u00f3n en las decisiones de gobierno son profundamente importantes.<\/p>\n\n\n\n<p>\u201cNos contrataron para tomar decisiones, pero hacerlo de manera acertada tiene que ver con la buena comunicaci\u00f3n con la ciudadan\u00eda, y de su participaci\u00f3n en car\u00e1cter de desarrollo econ\u00f3mico, movilidad, tr\u00e1nsito, del orden jur\u00eddico y de todos los aspectos que tienen que ver con este gobierno, por lo que habremos de hacer Foros Ciudadanos que se estar\u00e1n desarrollando la primera semana de febrero, a cargo de la Jefatura de Gabinete\u201d, inform\u00f3.<\/p>\n\n\n\n<p>Se instalar\u00e1n cinco mesas de trabajo, una por cada de Eje de Gobierno, esperando la participaci\u00f3n de 100 personas por mesa, con la participaci\u00f3n de la ciudadan\u00eda en general, c\u00e1maras empresariales, organizaciones de la sociedad civil, instituciones educativas y comunidad cultural.<\/p>\n\n\n\n<p>Los ejes de Gobierno son: Seguridad y Orden; Infraestructura y Servicios de Calidad; Participaci\u00f3n y Buen Gobierno; Fortalecimiento Econ\u00f3mico; y Unidad y Desarrollo Humano.<\/p>\n\n\n\n<p>Por otro lado, el Alcalde mencion\u00f3 que en el tema de servicios p\u00fablicos, puntualmente en el caso del SIMAS, en la anterior Administraci\u00f3n se avanz\u00f3 en el con la construcci\u00f3n de m\u00e1s de 30 pozos de agua, y con una infraestructura importante, y destac\u00f3 que su presente gesti\u00f3n, se implementar\u00e1n nuevas acciones para los diferentes retos que tiene ahora Torre\u00f3n.<\/p>\n\n\n\n<p>\u201cHoy tenemos un Simas que opera, que funciona, y que es muy diferente al que recibimos del 2021, que s\u00ed hay \u00e1reas de oportunidad porque ten\u00eda un abandono hist\u00f3rico, pero que se ha avanzado\u201d, refiri\u00f3.<\/p>\n\n\n\n<p>Estuvieron presentes tambi\u00e9n: Jos\u00e9 El\u00edas Ganem Guerrero, Secretario del Ayuntamiento de Torre\u00f3n; Fernando Ariel Mart\u00ednez Mendoza, Jefe de Gabinete; Comisario C\u00e9sar Antonio Perales Esparza, Director General de Seguridad P\u00fablica Municipal; Marlene Mart\u00ednez Vald\u00e9s, Directora DIF Torre\u00f3n; H\u00e9ctor Iv\u00e1n Estrada Baca, Director General de Desarrollo Social; Jorge Luis Ju\u00e1rez Llanas, Director de Protecci\u00f3n Civil y Bomberos; Ra\u00fal Alejandro Garza del Valle, Director de Atenci\u00f3n Ciudadana.<\/p>\n","protected":false},"excerpt":{"rendered":"<p>Torre\u00f3n, Coahuila. A 20 de enero de 2025 Este lunes el alcalde Rom\u00e1n Alberto Cepeda Gonz\u00e1lez inform\u00f3 en rueda de prensa sobre su agenda de gobierno para hoy y los pr\u00f3ximos d\u00edas, en donde destac\u00f3 las acciones a tomar por el ingreso del frente fr\u00edo n\u00famero 24; la sesi\u00f3n de instalaci\u00f3n del Consejo del SIMAS; [&hellip;]<\/p>\n","protected":false},"author":1,"featured_media":15058,"comment_status":"open","ping_status":"open","sticky":false,"template":"","format":"standard","meta":{"_monsterinsights_skip_tracking":false,"_monsterinsights_sitenote_active":false,"_monsterinsights_sitenote_note":"","_monsterinsights_sitenote_category":0,"footnotes":""},"categories":[1],"tags":[],"_links":{"self":[{"href":"https:\/\/zonalimitrofe-cbnr.com\/index.php\/wp-json\/wp\/v2\/posts\/15057"}],"collection":[{"href":"https:\/\/zonalimitrofe-cbnr.com\/index.php\/wp-json\/wp\/v2\/posts"}],"about":[{"href":"https:\/\/zonalimitrofe-cbnr.com\/index.php\/wp-json\/wp\/v2\/types\/post"}],"author":[{"embeddable":true,"href":"https:\/\/zonalimitrofe-cbnr.com\/index.php\/wp-json\/wp\/v2\/users\/1"}],"replies":[{"embeddable":true,"href":"https:\/\/zonalimitrofe-cbnr.com\/index.php\/wp-json\/wp\/v2\/comments?post=15057"}],"version-history":[{"count":1,"href":"https:\/\/zonalimitrofe-cbnr.com\/index.php\/wp-json\/wp\/v2\/posts\/15057\/revisions"}],"predecessor-version":[{"id":15059,"href":"https:\/\/zonalimitrofe-cbnr.com\/index.php\/wp-json\/wp\/v2\/posts\/15057\/revisions\/15059"}],"wp:featuredmedia":[{"embeddable":true,"href":"https:\/\/zonalimitrofe-cbnr.com\/index.php\/wp-json\/wp\/v2\/media\/15058"}],"wp:attachment":[{"href":"https:\/\/zonalimitrofe-cbnr.com\/index.php\/wp-json\/wp\/v2\/media?parent=15057"}],"wp:term":[{"taxonomy":"category","embeddable":true,"href":"https:\/\/zonalimitrofe-cbnr.com\/index.php\/wp-json\/wp\/v2\/categories?post=15057"},{"taxonomy":"post_tag","embeddable":true,"href":"https:\/\/zonalimitrofe-cbnr.com\/index.php\/wp-json\/wp\/v2\/tags?post=15057"}],"curies":[{"name":"wp","href":"https:\/\/api.w.org\/{rel}","templated":true}]}}