{"id":15048,"date":"2025-01-19T15:39:45","date_gmt":"2025-01-19T21:39:45","guid":{"rendered":"https:\/\/zonalimitrofe-cbnr.com\/?p=15048"},"modified":"2025-01-19T15:39:45","modified_gmt":"2025-01-19T21:39:45","slug":"torreon-taller-de-belleza-entre-los-que-mas-demanda-la-ciudadania-al-dif-torreon","status":"publish","type":"post","link":"https:\/\/zonalimitrofe-cbnr.com\/index.php\/2025\/01\/19\/torreon-taller-de-belleza-entre-los-que-mas-demanda-la-ciudadania-al-dif-torreon\/","title":{"rendered":"#Torre\u00f3n. Taller de belleza, entre los que m\u00e1s demanda la ciudadan\u00eda al DIF Torre\u00f3n"},"content":{"rendered":"\n<p>Torre\u00f3n, Coahuila. A 19 enero de 2025<\/p>\n\n\n\n<p>Como parte de la oferta de talleres que el Sistema para el Desarrollo Integral de la Familia (DIF) Torre\u00f3n, prepara para que la ciudadan\u00eda adquiera nuevas habilidades que le permitan contar con un ingreso extra para su hogar, el pr\u00f3ximo 21 de enero iniciar\u00e1 el curso regular de belleza.<\/p>\n\n\n\n<p>Esta actividad est\u00e1 dise\u00f1ada para promover habilidades pr\u00e1cticas que los participantes puedan usar para un emprendimiento, o bien, sea el inicio de una carrera en el sector de la est\u00e9tica y el cuidado personal.<\/p>\n\n\n\n<p>La presidenta honoraria del organismo, Selina Bremer de Cepeda, destac\u00f3 que este taller es uno de los que m\u00e1s alta demanda tiene.<\/p>\n\n\n\n<p>\u201cLa gente acude de manera regular a estos talleres porque se interesan y reconocen la importancia de aprender habilidades que les pueden beneficiar a su vida como abrirles nuevas oportunidades laborales\u201d, coment\u00f3.<\/p>\n\n\n\n<p>Indic\u00f3 que durante el curso los alumnos recibir\u00e1n capacitaci\u00f3n en t\u00e9cnicas de maquillaje, cuidado de la piel, peinado, corte de cabello, manicura y pedicura, entre otros temas relacionados con el \u00e1mbito de la belleza.<\/p>\n\n\n\n<p>El taller tendr\u00e1 una duraci\u00f3n de seis meses y se impartir\u00e1 los martes y jueves, con horarios de 08:30 a 11:30 horas y de 12:00 a 15:00 horas, lo que brinda flexibilidad a los interesados para integrarse al grupo que mejor se adapte a su disponibilidad.<\/p>\n\n\n\n<p>Bremer de Cepeda dijo que para inscribirse, los interesados deber\u00e1n presentar los siguientes documentos: identificaci\u00f3n oficial (INE) y comprobante de domicilio; en el caso de menores de edad, indic\u00f3 que ser\u00e1 necesario presentar la CURP del participante y una copia del INE del padre o tutor.<\/p>\n\n\n\n<p>La presidenta del DIF invit\u00f3 a la ciudadan\u00eda a aprovechar esta oportunidad para adquirir estos conocimientos, reafirmando con ello,la misi\u00f3n del DIF y de la Administraci\u00f3n Municipal del alcalde Rom\u00e1n Alberto Cepeda Gonz\u00e1lez, de apoyar el desarrollo de las familias y contribuir al bienestar de la poblaci\u00f3n.<\/p>\n","protected":false},"excerpt":{"rendered":"<p>Torre\u00f3n, Coahuila. A 19 enero de 2025 Como parte de la oferta de talleres que el Sistema para el Desarrollo Integral de la Familia (DIF) Torre\u00f3n, prepara para que la ciudadan\u00eda adquiera nuevas habilidades que le permitan contar con un ingreso extra para su hogar, el pr\u00f3ximo 21 de enero iniciar\u00e1 el curso regular de [&hellip;]<\/p>\n","protected":false},"author":1,"featured_media":15049,"comment_status":"open","ping_status":"open","sticky":false,"template":"","format":"standard","meta":{"_monsterinsights_skip_tracking":false,"_monsterinsights_sitenote_active":false,"_monsterinsights_sitenote_note":"","_monsterinsights_sitenote_category":0,"footnotes":""},"categories":[1],"tags":[],"_links":{"self":[{"href":"https:\/\/zonalimitrofe-cbnr.com\/index.php\/wp-json\/wp\/v2\/posts\/15048"}],"collection":[{"href":"https:\/\/zonalimitrofe-cbnr.com\/index.php\/wp-json\/wp\/v2\/posts"}],"about":[{"href":"https:\/\/zonalimitrofe-cbnr.com\/index.php\/wp-json\/wp\/v2\/types\/post"}],"author":[{"embeddable":true,"href":"https:\/\/zonalimitrofe-cbnr.com\/index.php\/wp-json\/wp\/v2\/users\/1"}],"replies":[{"embeddable":true,"href":"https:\/\/zonalimitrofe-cbnr.com\/index.php\/wp-json\/wp\/v2\/comments?post=15048"}],"version-history":[{"count":1,"href":"https:\/\/zonalimitrofe-cbnr.com\/index.php\/wp-json\/wp\/v2\/posts\/15048\/revisions"}],"predecessor-version":[{"id":15050,"href":"https:\/\/zonalimitrofe-cbnr.com\/index.php\/wp-json\/wp\/v2\/posts\/15048\/revisions\/15050"}],"wp:featuredmedia":[{"embeddable":true,"href":"https:\/\/zonalimitrofe-cbnr.com\/index.php\/wp-json\/wp\/v2\/media\/15049"}],"wp:attachment":[{"href":"https:\/\/zonalimitrofe-cbnr.com\/index.php\/wp-json\/wp\/v2\/media?parent=15048"}],"wp:term":[{"taxonomy":"category","embeddable":true,"href":"https:\/\/zonalimitrofe-cbnr.com\/index.php\/wp-json\/wp\/v2\/categories?post=15048"},{"taxonomy":"post_tag","embeddable":true,"href":"https:\/\/zonalimitrofe-cbnr.com\/index.php\/wp-json\/wp\/v2\/tags?post=15048"}],"curies":[{"name":"wp","href":"https:\/\/api.w.org\/{rel}","templated":true}]}}