{"id":15013,"date":"2025-01-18T21:01:06","date_gmt":"2025-01-19T03:01:06","guid":{"rendered":"https:\/\/zonalimitrofe-cbnr.com\/?p=15013"},"modified":"2025-01-18T21:01:07","modified_gmt":"2025-01-19T03:01:07","slug":"coahuila-viene-feria-de-empleo-para-la-sureste-con-mas-de-mil-vacantes","status":"publish","type":"post","link":"https:\/\/zonalimitrofe-cbnr.com\/index.php\/2025\/01\/18\/coahuila-viene-feria-de-empleo-para-la-sureste-con-mas-de-mil-vacantes\/","title":{"rendered":"#Coahuila. VIENE FERIA DE EMPLEO PARA LA SURESTE CON M\u00c1S DE MIL VACANTES"},"content":{"rendered":"\n<p>Gracias a las acciones de vinculaci\u00f3n de la Secretar\u00eda del Trabajo, se podr\u00e1n re acomodar a los trabajadores que han sido parte de alg\u00fan recorte en la regi\u00f3n<\/p>\n\n\n\n<p>Saltillo, Coahuila; 18 de enero de 2025.- El Gobierno del Estado, a trav\u00e9s de la Secretar\u00eda del Trabajo, llevar\u00e1 m\u00e1s de mil 200 ofertas de empleo formal en empresas de Saltillo y Ramos Arizpe para quienes est\u00e1n en busca de una oportunidad de trabajo, en el primer gran evento de vinculaci\u00f3n laboral que se organiza durante este a\u00f1o.<\/p>\n\n\n\n<p>El evento tendr\u00e1 lugar este 30 de enero en las instalaciones de CANACINTRA regi\u00f3n sureste, de las 09:00 a las 14:00 horas y se dispondr\u00e1 de trasportaci\u00f3n gratuita desde la Alameda Zaragoza.<\/p>\n\n\n\n<p>La Feria de Empleo Saltillo 2025 ser\u00e1 posible gracias al gran dinamismo que registra la regi\u00f3n sureste y permitir\u00e1 la posibilidad de contrataci\u00f3n en empleos formales, tanto a personas que no cuentan con un trabajo formal, como a los trabajadores, que en \u00faltimas fechas, formaron parte de algunos reajustes de empresas de la regi\u00f3n.<\/p>\n\n\n\n<p>La Secretaria del Trabajo, Nazira Zogbi Castro, mencion\u00f3 que la pol\u00edtica laboral y econ\u00f3mica que ha implementado el gobernador Manolo Jim\u00e9nez Salinas, permite ofrecer empleos de calidad, bien remunerados y con esto, dar soluciones a los retos que representan los reacomodos laborales en la regi\u00f3n.<\/p>\n\n\n\n<p>\u201cEstamos trabajando para enfrentar los nuevos retos que presenta el entorno laboral de la regi\u00f3n, adelantamos este evento en Saltillo para dar respaldo a los trabajadores que fueron afectados por el reajuste en GM y estamos listos para apoyarlos a que puedan ser contratados por empresas manufactureras importantes y que puedan continuar desarroll\u00e1ndose en lo laboral\u201d destac\u00f3 Zogbi Castro.<\/p>\n\n\n\n<p>Record\u00f3 que en 2024 se realizaron 16 Ferias de Empleo en todas las regiones de Coahuila, y que actualmente el equipo de la Secretar\u00eda del Trabajo se encuentra dise\u00f1ando nuevas<\/p>\n\n\n\n<p>estrategias que permitan dar respuesta a los requerimientos del sector productivo y de la sociedad en materia de empleo.<\/p>\n\n\n\n<p>Adem\u00e1s, record\u00f3 que tambi\u00e9n se encuentra trabajando el ICATEC para ofrecer cursos y certificaciones que permiten acrecentar o reconvertir las habilidades de los trabajadores y as\u00ed contar con m\u00e1s oportunidades de crecimiento profesional.<\/p>\n\n\n\n<p>Se\u00f1al\u00f3 que contar con un empleo formal que otorga todas las prestaciones, lleva consigo el acceso de las familias de los trabajadores a servicios de salud, de seguridad social y a ingresos que impulsan el desarrollo y una mejor calidad de vida.<\/p>\n","protected":false},"excerpt":{"rendered":"<p>Gracias a las acciones de vinculaci\u00f3n de la Secretar\u00eda del Trabajo, se podr\u00e1n re acomodar a los trabajadores que han sido parte de alg\u00fan recorte en la regi\u00f3n Saltillo, Coahuila; 18 de enero de 2025.- El Gobierno del Estado, a trav\u00e9s de la Secretar\u00eda del Trabajo, llevar\u00e1 m\u00e1s de mil 200 ofertas de empleo formal [&hellip;]<\/p>\n","protected":false},"author":1,"featured_media":15014,"comment_status":"open","ping_status":"open","sticky":false,"template":"","format":"standard","meta":{"_monsterinsights_skip_tracking":false,"_monsterinsights_sitenote_active":false,"_monsterinsights_sitenote_note":"","_monsterinsights_sitenote_category":0,"footnotes":""},"categories":[1],"tags":[],"_links":{"self":[{"href":"https:\/\/zonalimitrofe-cbnr.com\/index.php\/wp-json\/wp\/v2\/posts\/15013"}],"collection":[{"href":"https:\/\/zonalimitrofe-cbnr.com\/index.php\/wp-json\/wp\/v2\/posts"}],"about":[{"href":"https:\/\/zonalimitrofe-cbnr.com\/index.php\/wp-json\/wp\/v2\/types\/post"}],"author":[{"embeddable":true,"href":"https:\/\/zonalimitrofe-cbnr.com\/index.php\/wp-json\/wp\/v2\/users\/1"}],"replies":[{"embeddable":true,"href":"https:\/\/zonalimitrofe-cbnr.com\/index.php\/wp-json\/wp\/v2\/comments?post=15013"}],"version-history":[{"count":1,"href":"https:\/\/zonalimitrofe-cbnr.com\/index.php\/wp-json\/wp\/v2\/posts\/15013\/revisions"}],"predecessor-version":[{"id":15015,"href":"https:\/\/zonalimitrofe-cbnr.com\/index.php\/wp-json\/wp\/v2\/posts\/15013\/revisions\/15015"}],"wp:featuredmedia":[{"embeddable":true,"href":"https:\/\/zonalimitrofe-cbnr.com\/index.php\/wp-json\/wp\/v2\/media\/15014"}],"wp:attachment":[{"href":"https:\/\/zonalimitrofe-cbnr.com\/index.php\/wp-json\/wp\/v2\/media?parent=15013"}],"wp:term":[{"taxonomy":"category","embeddable":true,"href":"https:\/\/zonalimitrofe-cbnr.com\/index.php\/wp-json\/wp\/v2\/categories?post=15013"},{"taxonomy":"post_tag","embeddable":true,"href":"https:\/\/zonalimitrofe-cbnr.com\/index.php\/wp-json\/wp\/v2\/tags?post=15013"}],"curies":[{"name":"wp","href":"https:\/\/api.w.org\/{rel}","templated":true}]}}