{"id":15001,"date":"2025-01-18T20:45:36","date_gmt":"2025-01-19T02:45:36","guid":{"rendered":"https:\/\/zonalimitrofe-cbnr.com\/?p=15001"},"modified":"2025-01-18T20:45:36","modified_gmt":"2025-01-19T02:45:36","slug":"durango-trabajadores-municipales-de-lerdo-ya-cuenta-con-instalaciones-dignas-inauguran-esteban-y-homero-nuevo-corralon-para-mejorar-servicios","status":"publish","type":"post","link":"https:\/\/zonalimitrofe-cbnr.com\/index.php\/2025\/01\/18\/durango-trabajadores-municipales-de-lerdo-ya-cuenta-con-instalaciones-dignas-inauguran-esteban-y-homero-nuevo-corralon-para-mejorar-servicios\/","title":{"rendered":"#Durango. Trabajadores municipales de Lerdo ya cuenta con instalaciones dignas; inauguran Esteban y Homero nuevo Corral\u00f3n para mejorar servicios*"},"content":{"rendered":"\n<ul>\n<li><em>La obra representa una inversi\u00f3n de 2.8 mdp y ser\u00e1 un legado para las siguientes administraciones con grandes ahorros y mejora log\u00edstica en el flujo de veh\u00edculos.<\/em><\/li>\n\n\n\n<li><em>Con estas obras y acciones Lerdo renace para impulsar esa modernizaci\u00f3n que por muchos a\u00f1os estuvieron esperando.<\/em><\/li>\n<\/ul>\n\n\n\n<p>Con instalaciones dignas, amplias y sin arrendamientos, el gobernador Esteban Villegas Villarreal inaugur\u00f3 el nuevo Corral\u00f3n para camiones de recolecci\u00f3n de residuos en Lerdo, una modernizaci\u00f3n en beneficio de todos los habitantes, con mejoras en la log\u00edstica para el flujo de entrada y salida de los veh\u00edculos.<\/p>\n\n\n\n<p>En gira de trabajo por la regi\u00f3n Laguna, el Mandatario Estatal, acompa\u00f1ado del alcalde Homero Mart\u00ednez Cabrera, entreg\u00f3 y supervis\u00f3 obras deportivas, hidr\u00e1ulicas y espacios comunitarios, donde se\u00f1al\u00f3 que, con dichas acciones, Lerdo renace para impulsar esa modernizaci\u00f3n que por muchos a\u00f1os estuvieron esperando y que ahora, es una realidad con mejor infraestructura y mayores v\u00edas de comunicaci\u00f3n.<\/p>\n\n\n\n<p>El Ejecutivo Estatal, resalt\u00f3 que, con estas nuevas instalaciones, el personal del Ayuntamiento de Lerdo mejorar\u00e1 la atenci\u00f3n a la ciudadan\u00eda en materia de limpieza y bacheo, al concentrar todos los camiones en un sitio seguro y de su propiedad, ya que, era urgente dignificar las condiciones de trabajo de la plantilla de limpieza y bacheo.<\/p>\n\n\n\n<p>\u201cLa verdad es que ustedes son los que generan el rostro de lo que hoy es Lerdo, un rostro bonito, una ciudad limpia, que cada vez tiene mejores condiciones, porque vienen grandes cosas para Lerdo y este 2025, se le lleg\u00f3 la hora a Lerdo\u201d, enfatiz\u00f3.<\/p>\n\n\n\n<p>El Gobernador dijo que que ahora en trabajo en equipo, se realizan las gestiones necesarias para atraer inversi\u00f3n, nuevas empresas, que le apuestan a Durango por sus condiciones y la calidad de su gente, por lo que, se avanza en generar los cambios en cada rubro; salud, econom\u00eda, como en todos los servicios de atenci\u00f3n.<\/p>\n\n\n\n<p>El alcalde Homero Mart\u00ednez Cabrera, agradeci\u00f3 el apoyo del Mandatario para hacer realidad dicha modernizaci\u00f3n con la entrega del bulevar Tecnol\u00f3gico y ahora este Corral\u00f3n que, por m\u00e1s de 25 a\u00f1os, se ubic\u00f3 en el centro de la ciudad y al construirlo en un terrero a la periferia, propiedad de la Presidencia Municipal, se tendr\u00e1 un ahorro de 500 mil pesos mensuales, porque ya no se pagar\u00e1 renta.<\/p>\n\n\n\n<p>Estas nuevas instalaciones representan una inversi\u00f3n de 2.8 millones de pesos, que cuenta con barda perimetral, caseta, instalaci\u00f3n el\u00e9ctrica, hidrosanitaria; albergar\u00e1 los camiones del servicio de limpieza y bacheo, as\u00ed como a m\u00e1s de 180 trabajadores.<\/p>\n","protected":false},"excerpt":{"rendered":"<p>Con instalaciones dignas, amplias y sin arrendamientos, el gobernador Esteban Villegas Villarreal inaugur\u00f3 el nuevo Corral\u00f3n para camiones de recolecci\u00f3n de residuos en Lerdo, una modernizaci\u00f3n en beneficio de todos los habitantes, con mejoras en la log\u00edstica para el flujo de entrada y salida de los veh\u00edculos. En gira de trabajo por la regi\u00f3n Laguna, [&hellip;]<\/p>\n","protected":false},"author":1,"featured_media":15002,"comment_status":"open","ping_status":"open","sticky":false,"template":"","format":"standard","meta":{"_monsterinsights_skip_tracking":false,"_monsterinsights_sitenote_active":false,"_monsterinsights_sitenote_note":"","_monsterinsights_sitenote_category":0,"footnotes":""},"categories":[1],"tags":[],"_links":{"self":[{"href":"https:\/\/zonalimitrofe-cbnr.com\/index.php\/wp-json\/wp\/v2\/posts\/15001"}],"collection":[{"href":"https:\/\/zonalimitrofe-cbnr.com\/index.php\/wp-json\/wp\/v2\/posts"}],"about":[{"href":"https:\/\/zonalimitrofe-cbnr.com\/index.php\/wp-json\/wp\/v2\/types\/post"}],"author":[{"embeddable":true,"href":"https:\/\/zonalimitrofe-cbnr.com\/index.php\/wp-json\/wp\/v2\/users\/1"}],"replies":[{"embeddable":true,"href":"https:\/\/zonalimitrofe-cbnr.com\/index.php\/wp-json\/wp\/v2\/comments?post=15001"}],"version-history":[{"count":1,"href":"https:\/\/zonalimitrofe-cbnr.com\/index.php\/wp-json\/wp\/v2\/posts\/15001\/revisions"}],"predecessor-version":[{"id":15003,"href":"https:\/\/zonalimitrofe-cbnr.com\/index.php\/wp-json\/wp\/v2\/posts\/15001\/revisions\/15003"}],"wp:featuredmedia":[{"embeddable":true,"href":"https:\/\/zonalimitrofe-cbnr.com\/index.php\/wp-json\/wp\/v2\/media\/15002"}],"wp:attachment":[{"href":"https:\/\/zonalimitrofe-cbnr.com\/index.php\/wp-json\/wp\/v2\/media?parent=15001"}],"wp:term":[{"taxonomy":"category","embeddable":true,"href":"https:\/\/zonalimitrofe-cbnr.com\/index.php\/wp-json\/wp\/v2\/categories?post=15001"},{"taxonomy":"post_tag","embeddable":true,"href":"https:\/\/zonalimitrofe-cbnr.com\/index.php\/wp-json\/wp\/v2\/tags?post=15001"}],"curies":[{"name":"wp","href":"https:\/\/api.w.org\/{rel}","templated":true}]}}