{"id":14993,"date":"2025-01-18T20:38:04","date_gmt":"2025-01-19T02:38:04","guid":{"rendered":"https:\/\/zonalimitrofe-cbnr.com\/?p=14993"},"modified":"2025-01-18T20:39:43","modified_gmt":"2025-01-19T02:39:43","slug":"dif-torreon-abre-curso-regular-de-computacion-para-personas-de-todas-las-edades","status":"publish","type":"post","link":"https:\/\/zonalimitrofe-cbnr.com\/index.php\/2025\/01\/18\/dif-torreon-abre-curso-regular-de-computacion-para-personas-de-todas-las-edades\/","title":{"rendered":"#Torre\u00f3n. DIF Torre\u00f3n abre curso regular de computaci\u00f3n para personas de todas las edades"},"content":{"rendered":"\n<p>Torre\u00f3n, Coahuila. A 18 de enero de 2025<\/p>\n\n\n\n<p>El Sistema para el Desarrollo Integral de la Familia (DIF) Torre\u00f3n, dar\u00e1 inicio al curso regular de computaci\u00f3n el pr\u00f3ximo lunes, donde los participantes podr\u00e1n aprender habilidades t\u00e9cnicas y conocimientos b\u00e1sicos de esta herramienta de trabajo.<\/p>\n\n\n\n<p>Este taller es ideal para quienes desean fortalecer sus competencias tecnol\u00f3gicas y aplicarlas tanto en su vida cotidiana, como en su entorno laboral.<\/p>\n\n\n\n<p>El curso dar\u00e1 inicio el pr\u00f3ximo 20 de enero y tendr\u00e1 una duraci\u00f3n de seis meses, con sesiones programadas dos veces por semana.<\/p>\n\n\n\n<p>Est\u00e1 dirigido a personas de todas las edades, fomentando la inclusi\u00f3n digital y el acceso al conocimiento tecnol\u00f3gico.<\/p>\n\n\n\n<p>La se\u00f1ora Selina Bremer de Cepeda, presidenta honoraria del DIF, destac\u00f3 que el objetivo principal de este curso es facilitar a los participantes una base s\u00f3lida en herramientas tecnol\u00f3gicas esenciales como el Excel, Word, PowerPoint y otros programas de uso com\u00fan.<\/p>\n\n\n\n<p>\u201cQueremos que las personas desarrollen sus habilidades, exploren su potencial y puedan aplicar lo aprendido en sus trabajos o actividades personales\u201d.<\/p>\n\n\n\n<p>La se\u00f1ora Selina destac\u00f3 que este tipo de acciones van en coordinaci\u00f3n con la Administraci\u00f3n Municipal del alcalde Rom\u00e1n Alberto Cepeda Gonz\u00e1lez, por ofrecer a los torreonenses m\u00e1s herramientas que les permitan mejorar su calidad de vida.<\/p>\n\n\n\n<p>Para quienes est\u00e9n interesados en formar parte de esta actividad, deben presentar los siguientes requisitos: copia del INE, comprobante de domicilio y en caso de ser menores de edad, acudir con copia del INE de su tutor legal.<\/p>\n\n\n\n<p>Las sesiones del taller se llevar\u00e1n a cabo los lunes y mi\u00e9rcoles en dos horarios disponibles: de 08:30 a 11:30 horas y de 12:00 a 13:00 horas, en las instalaciones del DIF Revoluci\u00f3n, ubicado en el bulevar Revoluci\u00f3n, 639 poniente, colonia centro.<\/p>\n\n\n\n<p>Para m\u00e1s informaci\u00f3n los interesados pueden comunicarse al tel\u00e9fono 871 893 1128 o al WhatsApp 871 347 6787, donde recibir\u00e1n atenci\u00f3n personalizada y podr\u00e1n aclarar cualquier duda sobre el curso.<\/p>\n","protected":false},"excerpt":{"rendered":"<p>Torre\u00f3n, Coahuila. A 18 de enero de 2025 El Sistema para el Desarrollo Integral de la Familia (DIF) Torre\u00f3n, dar\u00e1 inicio al curso regular de computaci\u00f3n el pr\u00f3ximo lunes, donde los participantes podr\u00e1n aprender habilidades t\u00e9cnicas y conocimientos b\u00e1sicos de esta herramienta de trabajo. Este taller es ideal para quienes desean fortalecer sus competencias tecnol\u00f3gicas [&hellip;]<\/p>\n","protected":false},"author":1,"featured_media":14996,"comment_status":"open","ping_status":"open","sticky":false,"template":"","format":"standard","meta":{"_monsterinsights_skip_tracking":false,"_monsterinsights_sitenote_active":false,"_monsterinsights_sitenote_note":"","_monsterinsights_sitenote_category":0,"footnotes":""},"categories":[1],"tags":[],"_links":{"self":[{"href":"https:\/\/zonalimitrofe-cbnr.com\/index.php\/wp-json\/wp\/v2\/posts\/14993"}],"collection":[{"href":"https:\/\/zonalimitrofe-cbnr.com\/index.php\/wp-json\/wp\/v2\/posts"}],"about":[{"href":"https:\/\/zonalimitrofe-cbnr.com\/index.php\/wp-json\/wp\/v2\/types\/post"}],"author":[{"embeddable":true,"href":"https:\/\/zonalimitrofe-cbnr.com\/index.php\/wp-json\/wp\/v2\/users\/1"}],"replies":[{"embeddable":true,"href":"https:\/\/zonalimitrofe-cbnr.com\/index.php\/wp-json\/wp\/v2\/comments?post=14993"}],"version-history":[{"count":2,"href":"https:\/\/zonalimitrofe-cbnr.com\/index.php\/wp-json\/wp\/v2\/posts\/14993\/revisions"}],"predecessor-version":[{"id":14997,"href":"https:\/\/zonalimitrofe-cbnr.com\/index.php\/wp-json\/wp\/v2\/posts\/14993\/revisions\/14997"}],"wp:featuredmedia":[{"embeddable":true,"href":"https:\/\/zonalimitrofe-cbnr.com\/index.php\/wp-json\/wp\/v2\/media\/14996"}],"wp:attachment":[{"href":"https:\/\/zonalimitrofe-cbnr.com\/index.php\/wp-json\/wp\/v2\/media?parent=14993"}],"wp:term":[{"taxonomy":"category","embeddable":true,"href":"https:\/\/zonalimitrofe-cbnr.com\/index.php\/wp-json\/wp\/v2\/categories?post=14993"},{"taxonomy":"post_tag","embeddable":true,"href":"https:\/\/zonalimitrofe-cbnr.com\/index.php\/wp-json\/wp\/v2\/tags?post=14993"}],"curies":[{"name":"wp","href":"https:\/\/api.w.org\/{rel}","templated":true}]}}