{"id":14980,"date":"2025-01-17T17:12:39","date_gmt":"2025-01-17T23:12:39","guid":{"rendered":"https:\/\/zonalimitrofe-cbnr.com\/?p=14980"},"modified":"2025-01-17T17:12:39","modified_gmt":"2025-01-17T23:12:39","slug":"lerdo-ante-frente-frio-artico-piden-extremar-medidas-en-lerdo","status":"publish","type":"post","link":"https:\/\/zonalimitrofe-cbnr.com\/index.php\/2025\/01\/17\/lerdo-ante-frente-frio-artico-piden-extremar-medidas-en-lerdo\/","title":{"rendered":"#Lerdo. ANTE FRENTE FR\u00cdO ARTICO, PIDEN EXTREMAR MEDIDAS EN LERDO*"},"content":{"rendered":"\n<p>Lerdo, 17 de enero de 2025.- La Coordinaci\u00f3n de Protecci\u00f3n Civil en el Municipio de Lerdo exhorta a la ciudadan\u00eda para extremar precauciones ante el descenso de temperaturas por la llegada de un frente fr\u00edo con aire \u00e1rtico.<\/p>\n\n\n\n<p>Pues de acuerdo al pron\u00f3stico emitido por el Sistema Meteorol\u00f3gico Nacional de CONAGUA, para este fin de semana la m\u00ednima ser\u00e1 de -2\u00b0C y la m\u00e1xima de 21\u00b0C, con vientos de 5 a 10 kil\u00f3metros por hora.<\/p>\n\n\n\n<p>La titular de la Coordinaci\u00f3n, Isabel Mac\u00edas, hizo especial \u00e9nfasis en el cuidado de la salud, por lo que emiti\u00f3 importantes recomendaciones como; no salir de casa si no es necesario y, al hacerlo, usar ropa gruesa y abrigadora, cubrirse nariz y boca, mantenerse hidratado y beber l\u00edquidos calientes, consumir alimentos ricos en vitamina C, y no permanecer expuesto en lugares fr\u00edos durante tiempo prolongado.<\/p>\n\n\n\n<p>As\u00ed mismo, pidi\u00f3 a la poblaci\u00f3n notificar a las autoridades si observan a alguna persona en situaci\u00f3n de calle, para acudir a su atenci\u00f3n de manera r\u00e1pida, el n\u00famero de emergencia es el 911, disponible las 24 horas del d\u00eda.<\/p>\n\n\n\n<p>El Albergue temporal permanecer\u00e1 habilitado en la Unidad Deportiva \u201cFrancisco Sarabia\u201d, sobre el boulevard Miguel Alem\u00e1n, para las personas que deseen acudir a resguardarse.<\/p>\n\n\n\n<p>La funcionaria record\u00f3 que en sinergia con el 72 Batall\u00f3n de Infanter\u00eda trabaja en el Operativo Carrusel, implementando el Plan DN-III-E en el Municipio de Lerdo.<\/p>\n","protected":false},"excerpt":{"rendered":"<p>Lerdo, 17 de enero de 2025.- La Coordinaci\u00f3n de Protecci\u00f3n Civil en el Municipio de Lerdo exhorta a la ciudadan\u00eda para extremar precauciones ante el descenso de temperaturas por la llegada de un frente fr\u00edo con aire \u00e1rtico. Pues de acuerdo al pron\u00f3stico emitido por el Sistema Meteorol\u00f3gico Nacional de CONAGUA, para este fin de [&hellip;]<\/p>\n","protected":false},"author":1,"featured_media":14981,"comment_status":"open","ping_status":"open","sticky":false,"template":"","format":"standard","meta":{"_monsterinsights_skip_tracking":false,"_monsterinsights_sitenote_active":false,"_monsterinsights_sitenote_note":"","_monsterinsights_sitenote_category":0,"footnotes":""},"categories":[1],"tags":[],"_links":{"self":[{"href":"https:\/\/zonalimitrofe-cbnr.com\/index.php\/wp-json\/wp\/v2\/posts\/14980"}],"collection":[{"href":"https:\/\/zonalimitrofe-cbnr.com\/index.php\/wp-json\/wp\/v2\/posts"}],"about":[{"href":"https:\/\/zonalimitrofe-cbnr.com\/index.php\/wp-json\/wp\/v2\/types\/post"}],"author":[{"embeddable":true,"href":"https:\/\/zonalimitrofe-cbnr.com\/index.php\/wp-json\/wp\/v2\/users\/1"}],"replies":[{"embeddable":true,"href":"https:\/\/zonalimitrofe-cbnr.com\/index.php\/wp-json\/wp\/v2\/comments?post=14980"}],"version-history":[{"count":1,"href":"https:\/\/zonalimitrofe-cbnr.com\/index.php\/wp-json\/wp\/v2\/posts\/14980\/revisions"}],"predecessor-version":[{"id":14982,"href":"https:\/\/zonalimitrofe-cbnr.com\/index.php\/wp-json\/wp\/v2\/posts\/14980\/revisions\/14982"}],"wp:featuredmedia":[{"embeddable":true,"href":"https:\/\/zonalimitrofe-cbnr.com\/index.php\/wp-json\/wp\/v2\/media\/14981"}],"wp:attachment":[{"href":"https:\/\/zonalimitrofe-cbnr.com\/index.php\/wp-json\/wp\/v2\/media?parent=14980"}],"wp:term":[{"taxonomy":"category","embeddable":true,"href":"https:\/\/zonalimitrofe-cbnr.com\/index.php\/wp-json\/wp\/v2\/categories?post=14980"},{"taxonomy":"post_tag","embeddable":true,"href":"https:\/\/zonalimitrofe-cbnr.com\/index.php\/wp-json\/wp\/v2\/tags?post=14980"}],"curies":[{"name":"wp","href":"https:\/\/api.w.org\/{rel}","templated":true}]}}