{"id":14977,"date":"2025-01-17T17:10:50","date_gmt":"2025-01-17T23:10:50","guid":{"rendered":"https:\/\/zonalimitrofe-cbnr.com\/?p=14977"},"modified":"2025-01-17T17:10:50","modified_gmt":"2025-01-17T23:10:50","slug":"torreon-roman-alberto-cepeda-toma-protesta-a-directores-de-la-administracion-publica","status":"publish","type":"post","link":"https:\/\/zonalimitrofe-cbnr.com\/index.php\/2025\/01\/17\/torreon-roman-alberto-cepeda-toma-protesta-a-directores-de-la-administracion-publica\/","title":{"rendered":"#Torre\u00f3n. Rom\u00e1n Alberto Cepeda toma protesta a directores de la Administraci\u00f3n P\u00fablica"},"content":{"rendered":"\n<p>Torre\u00f3n, Coahuila. A 17 de enero de 2025<\/p>\n\n\n\n<p>Este viernes, dentro de la Segunda Sesi\u00f3n ordinaria de Cabildo de Torre\u00f3n, el alcalde Rom\u00e1n Alberto Cepeda Gonz\u00e1lez tom\u00f3 protesta a directores de la Administraci\u00f3n P\u00fablica descentralizada y desconcentrada.<\/p>\n\n\n\n<p>Con la mayor\u00eda de votos del Cabildo, fue aprobada la designaci\u00f3n de los siguientes funcionarios:<\/p>\n\n\n\n<p>Antonio Edmundo M\u00e9ndez Vigat\u00e1, director general del Instituto Municipal de Cultura y Educaci\u00f3n (IMCE); El\u00edas Ram\u00f3n Chufani V\u00e1zquez, como director general del Instituto Municipal del Deporte (IMD); V\u00edctor Manuel Navarro Arratia, director general del Sistema Integral de Mantenimiento Vial (SIMV), Rodrigo Gil Medina Esparza, gerencia de Finanzas del SIMV; Claudia Marlene Mart\u00ednez Vald\u00e9s, directora del Sistema para el Desarrollo Integral de la Familia (DIF).<\/p>\n\n\n\n<p>Adem\u00e1s, el Cabildo vot\u00f3 por mayor\u00eda de votos, la titularidad de Eduardo Terrazas Ramos, para ocupar la Contralor\u00eda Municipal.<\/p>\n\n\n\n<p>En otro asunto, los regidores votaron por unanimidad otorgar los poderes generales para pleitos y cobranzas, en favor de Eder Jes\u00fas Far\u00edas Cedillo; Johan Armando Mendoza Gonz\u00e1lez; Esteban Saucedo Jaramillo; Eduardo Ju\u00e1rez Hern\u00e1ndez; Felipe Bretado Fern\u00e1ndez; Lidia Georgina Narv\u00e1ez Carre\u00f3n y Carlos Alejandro Beltr\u00e1n Castilla.<\/p>\n\n\n\n<p>Por otro lado, en cuanto quien habr\u00e1 de rendir protesta como s\u00e9ptimo regidor del Ayuntamiento de Torre\u00f3n en la Administraci\u00f3n 2025-2026- 2027, el secretario del Ayuntamiento, Jos\u00e9 El\u00edas Ganem Guerrero, dio a conocer que el asunto ser\u00e1 remitido al Congreso del Estado a fin de que determine lo legal y procedente, as\u00ed como para que esclarezca tanto la competencia como la ejecuci\u00f3n del actuar de la autoridad municipal.<\/p>\n\n\n\n<p>En otro asunto, fue aprobado por mayor\u00eda la reforma a diversas disposiciones del Reglamento Org\u00e1nico de la Administraci\u00f3n P\u00fablica Municipal y el Reglamento Interior de la Secretar\u00eda del Ayuntamiento.<\/p>\n\n\n\n<p>Adem\u00e1s, se aprob\u00f3 por mayor\u00eda abrogar el Reglamento Interior del Tribunal de Justicia Administrativa Municipal y la creaci\u00f3n del Reglamento Interior de la Direcci\u00f3n General del Centro de Justicia Municipal.<\/p>\n\n\n\n<p>Por \u00faltimo, se aprob\u00f3 por unanimidad la propuesta del Presidente Municipal Rom\u00e1n Alberto Cepeda Gonz\u00e1lez, para la integraci\u00f3n de diversos Consejos Directivos Municipales como: el Sistema Municipal de Aguas y Saneamiento (SIMAS); La Junta de Gobierno para el Desarrollo Integral de la Familia; el Consejo del Instituto Municipal de la Mujer; Consejo Promotor para el Desarrollo de las Reservas Territoriales de Torre\u00f3n; Consejo del IMPLAN; del Sistema Integral de Mantenimiento Vial; del Instituto Municipal de Cultura y Educaci\u00f3n; as\u00ed como el Consejo del Instituto Municipal del Deporte<\/p>\n","protected":false},"excerpt":{"rendered":"<p>Torre\u00f3n, Coahuila. A 17 de enero de 2025 Este viernes, dentro de la Segunda Sesi\u00f3n ordinaria de Cabildo de Torre\u00f3n, el alcalde Rom\u00e1n Alberto Cepeda Gonz\u00e1lez tom\u00f3 protesta a directores de la Administraci\u00f3n P\u00fablica descentralizada y desconcentrada. Con la mayor\u00eda de votos del Cabildo, fue aprobada la designaci\u00f3n de los siguientes funcionarios: Antonio Edmundo M\u00e9ndez [&hellip;]<\/p>\n","protected":false},"author":1,"featured_media":14978,"comment_status":"open","ping_status":"open","sticky":false,"template":"","format":"standard","meta":{"_monsterinsights_skip_tracking":false,"_monsterinsights_sitenote_active":false,"_monsterinsights_sitenote_note":"","_monsterinsights_sitenote_category":0,"footnotes":""},"categories":[1],"tags":[],"_links":{"self":[{"href":"https:\/\/zonalimitrofe-cbnr.com\/index.php\/wp-json\/wp\/v2\/posts\/14977"}],"collection":[{"href":"https:\/\/zonalimitrofe-cbnr.com\/index.php\/wp-json\/wp\/v2\/posts"}],"about":[{"href":"https:\/\/zonalimitrofe-cbnr.com\/index.php\/wp-json\/wp\/v2\/types\/post"}],"author":[{"embeddable":true,"href":"https:\/\/zonalimitrofe-cbnr.com\/index.php\/wp-json\/wp\/v2\/users\/1"}],"replies":[{"embeddable":true,"href":"https:\/\/zonalimitrofe-cbnr.com\/index.php\/wp-json\/wp\/v2\/comments?post=14977"}],"version-history":[{"count":1,"href":"https:\/\/zonalimitrofe-cbnr.com\/index.php\/wp-json\/wp\/v2\/posts\/14977\/revisions"}],"predecessor-version":[{"id":14979,"href":"https:\/\/zonalimitrofe-cbnr.com\/index.php\/wp-json\/wp\/v2\/posts\/14977\/revisions\/14979"}],"wp:featuredmedia":[{"embeddable":true,"href":"https:\/\/zonalimitrofe-cbnr.com\/index.php\/wp-json\/wp\/v2\/media\/14978"}],"wp:attachment":[{"href":"https:\/\/zonalimitrofe-cbnr.com\/index.php\/wp-json\/wp\/v2\/media?parent=14977"}],"wp:term":[{"taxonomy":"category","embeddable":true,"href":"https:\/\/zonalimitrofe-cbnr.com\/index.php\/wp-json\/wp\/v2\/categories?post=14977"},{"taxonomy":"post_tag","embeddable":true,"href":"https:\/\/zonalimitrofe-cbnr.com\/index.php\/wp-json\/wp\/v2\/tags?post=14977"}],"curies":[{"name":"wp","href":"https:\/\/api.w.org\/{rel}","templated":true}]}}