{"id":14974,"date":"2025-01-17T17:08:49","date_gmt":"2025-01-17T23:08:49","guid":{"rendered":"https:\/\/zonalimitrofe-cbnr.com\/?p=14974"},"modified":"2025-01-17T17:08:49","modified_gmt":"2025-01-17T23:08:49","slug":"coahuila-firman-convenio-conociendo-mi-torreon-con-mejora","status":"publish","type":"post","link":"https:\/\/zonalimitrofe-cbnr.com\/index.php\/2025\/01\/17\/coahuila-firman-convenio-conociendo-mi-torreon-con-mejora\/","title":{"rendered":"#Coahuila. FIRMAN CONVENIO \u201cCONOCIENDO MI TORRE\u00d3N CON MEJORA\u201d"},"content":{"rendered":"\n<ul>\n<li>Este 2025, 20 mil alumnos tendr\u00e1n la oportunidad de visitar Puerto Noas a trav\u00e9s de Telef\u00e9rico totalmente gratis.<\/li>\n<\/ul>\n\n\n\n<p>Torre\u00f3n Coahuila de Zaragoza, a 17 de enero de 2025.- \u201cCon la firma del convenio \u2018Conociendo Mi Torre\u00f3n con Mejora\u2019, seguimos contribuyendo a que conozcamos la grandeza que tiene Torre\u00f3n, que tiene La Laguna y que tiene Coahuila\u201d, afirm\u00f3 Gabriel Elizondo P\u00e9rez, coordinador general de Mejora Coahuila, quien con la representaci\u00f3n del gobernador Manolo Jim\u00e9nez Salinas, salud\u00f3 a ni\u00f1os y ni\u00f1as de la Escuela \u201cEva S\u00e1mano\u201d, en el Telef\u00e9rico de Torre\u00f3n.<\/p>\n\n\n\n<p>En este sitio se firm\u00f3 dicho convenio donde participan Mejora Coahuila, Telef\u00e9rico de Torre\u00f3n y la Secretar\u00eda de Educaci\u00f3n en La Laguna.<\/p>\n\n\n\n<p>Elizondo P\u00e9rez destac\u00f3 la colaboraci\u00f3n y la sinergia que se hace en equipo entre Estado y municipio, con el fin de seguir cercanos a la gente. Reconoci\u00f3 el trabajo de Hugo D\u00e1vila, coordinador de Mejora en Torre\u00f3n, y del coordinador en esta regi\u00f3n, Mario Cepeda Villarreal.<\/p>\n\n\n\n<p>Mencion\u00f3 que, a nivel nacional, los telef\u00e9ricos son muy pocos y dijo hay que aprovechar el que se tiene aqu\u00ed.<\/p>\n\n\n\n<p>\u201cNuestro gobernador seguir\u00e1 trabajando por el empleo, por la salud, por las ni\u00f1as, ni\u00f1os adolescentes y, sobre todo, por los programas sociales que representa Mejora Coahuila; as\u00ed seguiremos trabajando de la mano de la gente en nuestra entidad y municipio, para seguir contribuyendo a la grandeza de esta tierra bendita\u201d, afirm\u00f3.<\/p>\n\n\n\n<p>H\u00e9ctor Hugo D\u00e1vila Prado, coordinador de Mejora en Torre\u00f3n, explic\u00f3 que como parte del convenio \u201cConociendo Mi Torre\u00f3n con Mejora\u201d, 20 mil alumnos tendr\u00e1n la oportunidad de llegar este 2025 al Puerto Noas totalmente gratis, y se estar\u00e1 pasando por ellos en camiones.<\/p>\n\n\n\n<p>Subray\u00f3 que van a empezar en las \u00e1reas m\u00e1s marginadas, donde hay muchos ni\u00f1os y muchos alumnos que no han tenido la oportunidad de conocer esta parte de la ciudad.<\/p>\n\n\n\n<p>D\u00e1vila Prado inform\u00f3 que ser\u00e1n visitas de martes a viernes en un horario de 11:00 a 17:00 horas, con duraci\u00f3n aproximada de 90 minutos, y que la vigencia de este programa es hasta el final de la administraci\u00f3n estatal.<\/p>\n\n\n\n<p>Dijo tambi\u00e9n que gracias a las gestiones de Gabriel Elizondo, lograron que este programa a trav\u00e9s de la tarjeta Mera Mera, pueda tener un costo de 10 pesos m\u00e1s dos adicionales.<\/p>\n\n\n\n<p>\u201cCon esa tarjeta estamos haciendo que el que Telef\u00e9rico de Cristo de Las Noas sea m\u00e1s accesible, no solamente para los alumnos, sino para todos en general\u201d, se\u00f1al\u00f3.<\/p>\n\n\n\n<p>Por su parte Eduardo Olmos Castro, secretario de Desarrollo Regional de La Laguna, destac\u00f3 que a trav\u00e9s de Mejora Coahuila se est\u00e1n optimizando y focalizando los programas y las acciones de Gobierno.<\/p>\n\n\n\n<p>\u201cEste convenio va a dar la oportunidad de que ni\u00f1os y ni\u00f1as sean testigos del crecimiento y desarrollo de la ciudad. Puede constituirse en una gran herramienta educativa para todos ellos, que de alguna manera necesitan conceptualizar la historia de sociedad, actualizar la historia del desarrollo de Coahuila\u201d, mencion\u00f3.<\/p>\n\n\n\n<p>Ver\u00f3nica Soto D\u00edaz, directora del Telef\u00e9rico de Torre\u00f3n, destac\u00f3 que el esp\u00edritu del Telef\u00e9rico y el Puerto Noas, son los ni\u00f1os, \u201cesta firma de convenio es muy importante, porque el alma de este espacio m\u00e1s visitado en el estado, son ustedes\u201d.<\/p>\n\n\n\n<p>Estuvieron presentes, adem\u00e1s, Flor Renter\u00eda Medina, coordinadora de Servicios Educativos de la Laguna; Jos\u00e9 El\u00edas Ganem, secretario del Ayuntamiento de Torre\u00f3n; Mario Cepeda Villarreal, coordinador de Mejora en la Regi\u00f3n Laguna; Carlos Bustos Rodr\u00edguez, director de Administraci\u00f3n y Finanzas en La Laguna; Lorena Safa Serrato, coordinadora de DIF en La Laguna; Jes\u00fas Garc\u00eda Sotomayor, subsecretario de la Secretar\u00eda de Administraci\u00f3n Regional de La laguna.<\/p>\n\n\n\n<p>Adem\u00e1s de funcionarios estatales, municipales.<\/p>\n","protected":false},"excerpt":{"rendered":"<p>Torre\u00f3n Coahuila de Zaragoza, a 17 de enero de 2025.- \u201cCon la firma del convenio \u2018Conociendo Mi Torre\u00f3n con Mejora\u2019, seguimos contribuyendo a que conozcamos la grandeza que tiene Torre\u00f3n, que tiene La Laguna y que tiene Coahuila\u201d, afirm\u00f3 Gabriel Elizondo P\u00e9rez, coordinador general de Mejora Coahuila, quien con la representaci\u00f3n del gobernador Manolo Jim\u00e9nez [&hellip;]<\/p>\n","protected":false},"author":1,"featured_media":14975,"comment_status":"open","ping_status":"open","sticky":false,"template":"","format":"standard","meta":{"_monsterinsights_skip_tracking":false,"_monsterinsights_sitenote_active":false,"_monsterinsights_sitenote_note":"","_monsterinsights_sitenote_category":0,"footnotes":""},"categories":[1],"tags":[],"_links":{"self":[{"href":"https:\/\/zonalimitrofe-cbnr.com\/index.php\/wp-json\/wp\/v2\/posts\/14974"}],"collection":[{"href":"https:\/\/zonalimitrofe-cbnr.com\/index.php\/wp-json\/wp\/v2\/posts"}],"about":[{"href":"https:\/\/zonalimitrofe-cbnr.com\/index.php\/wp-json\/wp\/v2\/types\/post"}],"author":[{"embeddable":true,"href":"https:\/\/zonalimitrofe-cbnr.com\/index.php\/wp-json\/wp\/v2\/users\/1"}],"replies":[{"embeddable":true,"href":"https:\/\/zonalimitrofe-cbnr.com\/index.php\/wp-json\/wp\/v2\/comments?post=14974"}],"version-history":[{"count":1,"href":"https:\/\/zonalimitrofe-cbnr.com\/index.php\/wp-json\/wp\/v2\/posts\/14974\/revisions"}],"predecessor-version":[{"id":14976,"href":"https:\/\/zonalimitrofe-cbnr.com\/index.php\/wp-json\/wp\/v2\/posts\/14974\/revisions\/14976"}],"wp:featuredmedia":[{"embeddable":true,"href":"https:\/\/zonalimitrofe-cbnr.com\/index.php\/wp-json\/wp\/v2\/media\/14975"}],"wp:attachment":[{"href":"https:\/\/zonalimitrofe-cbnr.com\/index.php\/wp-json\/wp\/v2\/media?parent=14974"}],"wp:term":[{"taxonomy":"category","embeddable":true,"href":"https:\/\/zonalimitrofe-cbnr.com\/index.php\/wp-json\/wp\/v2\/categories?post=14974"},{"taxonomy":"post_tag","embeddable":true,"href":"https:\/\/zonalimitrofe-cbnr.com\/index.php\/wp-json\/wp\/v2\/tags?post=14974"}],"curies":[{"name":"wp","href":"https:\/\/api.w.org\/{rel}","templated":true}]}}