{"id":14971,"date":"2025-01-17T17:06:43","date_gmt":"2025-01-17T23:06:43","guid":{"rendered":"https:\/\/zonalimitrofe-cbnr.com\/?p=14971"},"modified":"2025-01-17T17:06:44","modified_gmt":"2025-01-17T23:06:44","slug":"gp-seguridad-publica-de-gomez-palacio-logra-detener-a-presunto-asaltante-tras-cometer-un-atraco","status":"publish","type":"post","link":"https:\/\/zonalimitrofe-cbnr.com\/index.php\/2025\/01\/17\/gp-seguridad-publica-de-gomez-palacio-logra-detener-a-presunto-asaltante-tras-cometer-un-atraco\/","title":{"rendered":"#GP. Seguridad P\u00fablica de G\u00f3mez Palacio logra detener a presunto asaltante tras cometer un atraco*"},"content":{"rendered":"\n<p>+La r\u00e1pida coordinaci\u00f3n permiti\u00f3 la captura de quien hab\u00eda robado en una tienda de conveniencia<\/p>\n\n\n\n<p>Gracias al operativo de b\u00fasqueda implementado por la Direcci\u00f3n de Seguridad P\u00fablica y Protecci\u00f3n Ciudadana, en coordinaci\u00f3n con la Vicefiscal\u00eda del Estado de Durango, se logr\u00f3 la detenci\u00f3n del presunto responsable de asalto a una tienda de conveniencia ubicada en el Fraccionamiento Urbi Villas I, ocurrido en la madrugada del pasado martes.<\/p>\n\n\n\n<p>Eduardo Canul Castellanos, director de la corporaci\u00f3n, detall\u00f3 que el operativo comenz\u00f3 a ra\u00edz de un reporte recibido a trav\u00e9s del 911, el cual alertaba sobre un asalto en un establecimiento de la mencionada colonia, donde un individuo, utilizando un bate de beisbol, logr\u00f3 ingresar al local al romper el cristal inferior de la puerta principal. El hecho ocurri\u00f3 aproximadamente a las 3:30 de la ma\u00f1ana del pasado 14 de enero.<\/p>\n\n\n\n<p>\u201cEl reporte fue atendido de manera inmediata por nuestros elementos, quienes, al llegar al lugar, entrevistaron al afectado y tuvieron acceso a las c\u00e1maras de seguridad, lo que permiti\u00f3 corroborar los hechos y obtener una descripci\u00f3n precisa del delincuente. A partir de ah\u00ed, se implement\u00f3 un operativo de b\u00fasqueda en conjunto con la Vicefiscal\u00eda, que finalmente permiti\u00f3 dar con el paradero del responsable\u201d, coment\u00f3 Canul Castellanos.<\/p>\n\n\n\n<p>El presunto delincuente result\u00f3 ser un menor de edad, quien fue detenido y puesto a disposici\u00f3n de la Vicefiscal\u00eda. La pronta acci\u00f3n de las autoridades y la coordinaci\u00f3n interinstitucional demostraron ser la clave para la detenci\u00f3n del involucrado.<\/p>\n\n\n\n<p>El Ayuntamiento de G\u00f3mez Palacio, a trav\u00e9s de la Polic\u00eda Municipal, reitera su compromiso con la sociedad, para garantizar un entorno seguro, en el que las acciones delictivas sean atendidas con prontitud y eficacia.<\/p>\n\n\n\n<p>Este resultado subraya la importancia de la colaboraci\u00f3n entre las diversas dependencias de seguridad y la participaci\u00f3n activa de la ciudadan\u00eda, quienes pueden realizar sus denuncias a trav\u00e9s del n\u00famero de emergencias 911 o marcando al 871 714 03 17.<\/p>\n","protected":false},"excerpt":{"rendered":"<p>+La r\u00e1pida coordinaci\u00f3n permiti\u00f3 la captura de quien hab\u00eda robado en una tienda de conveniencia Gracias al operativo de b\u00fasqueda implementado por la Direcci\u00f3n de Seguridad P\u00fablica y Protecci\u00f3n Ciudadana, en coordinaci\u00f3n con la Vicefiscal\u00eda del Estado de Durango, se logr\u00f3 la detenci\u00f3n del presunto responsable de asalto a una tienda de conveniencia ubicada en [&hellip;]<\/p>\n","protected":false},"author":1,"featured_media":14972,"comment_status":"open","ping_status":"open","sticky":false,"template":"","format":"standard","meta":{"_monsterinsights_skip_tracking":false,"_monsterinsights_sitenote_active":false,"_monsterinsights_sitenote_note":"","_monsterinsights_sitenote_category":0,"footnotes":""},"categories":[1],"tags":[],"_links":{"self":[{"href":"https:\/\/zonalimitrofe-cbnr.com\/index.php\/wp-json\/wp\/v2\/posts\/14971"}],"collection":[{"href":"https:\/\/zonalimitrofe-cbnr.com\/index.php\/wp-json\/wp\/v2\/posts"}],"about":[{"href":"https:\/\/zonalimitrofe-cbnr.com\/index.php\/wp-json\/wp\/v2\/types\/post"}],"author":[{"embeddable":true,"href":"https:\/\/zonalimitrofe-cbnr.com\/index.php\/wp-json\/wp\/v2\/users\/1"}],"replies":[{"embeddable":true,"href":"https:\/\/zonalimitrofe-cbnr.com\/index.php\/wp-json\/wp\/v2\/comments?post=14971"}],"version-history":[{"count":1,"href":"https:\/\/zonalimitrofe-cbnr.com\/index.php\/wp-json\/wp\/v2\/posts\/14971\/revisions"}],"predecessor-version":[{"id":14973,"href":"https:\/\/zonalimitrofe-cbnr.com\/index.php\/wp-json\/wp\/v2\/posts\/14971\/revisions\/14973"}],"wp:featuredmedia":[{"embeddable":true,"href":"https:\/\/zonalimitrofe-cbnr.com\/index.php\/wp-json\/wp\/v2\/media\/14972"}],"wp:attachment":[{"href":"https:\/\/zonalimitrofe-cbnr.com\/index.php\/wp-json\/wp\/v2\/media?parent=14971"}],"wp:term":[{"taxonomy":"category","embeddable":true,"href":"https:\/\/zonalimitrofe-cbnr.com\/index.php\/wp-json\/wp\/v2\/categories?post=14971"},{"taxonomy":"post_tag","embeddable":true,"href":"https:\/\/zonalimitrofe-cbnr.com\/index.php\/wp-json\/wp\/v2\/tags?post=14971"}],"curies":[{"name":"wp","href":"https:\/\/api.w.org\/{rel}","templated":true}]}}