{"id":14947,"date":"2025-01-17T16:42:06","date_gmt":"2025-01-17T22:42:06","guid":{"rendered":"https:\/\/zonalimitrofe-cbnr.com\/?p=14947"},"modified":"2025-01-17T16:42:06","modified_gmt":"2025-01-17T22:42:06","slug":"torreon-alcalde-preside-la-primera-reunion-de-seguridad-de-la-administracion-2025-20026-2027","status":"publish","type":"post","link":"https:\/\/zonalimitrofe-cbnr.com\/index.php\/2025\/01\/17\/torreon-alcalde-preside-la-primera-reunion-de-seguridad-de-la-administracion-2025-20026-2027\/","title":{"rendered":"#Torre\u00f3n. Alcalde preside la primera reuni\u00f3n de seguridad de la Administraci\u00f3n 2025-20026-2027"},"content":{"rendered":"\n<p><strong>Torre\u00f3n, Coahuila. A 17 de enero de 2025.- <\/strong>Este viernes, el alcalde Rom\u00e1n Alberto Cepeda Gonz\u00e1lez instal\u00f3 la primera mesa semanal de seguridad de la Administraci\u00f3n 2025-2026-2027, en la cual destac\u00f3 que, si bien habr\u00e1 nuevos retos y compromisos, prevalecer\u00e1 la extraordinaria coordinaci\u00f3n con todos los \u00f3rdenes de Gobierno. El Presidente Municipal agradeci\u00f3 a quienes participaron en las mesas de seguridad de la anterior Administraci\u00f3n, y a quienes se integran a esta nueva etapa. \u201cAgradezco por el trabajo, la colaboraci\u00f3n, el empe\u00f1o y el compromiso durante la Administraci\u00f3n 2022-2023-2024. Ahora en esta nueva etapa para Torre\u00f3n habr\u00e1 nuevas estrategias porque estamos parados en un punto de partida muy diferente y seguir\u00e1 la coordinaci\u00f3n; agradezco tambi\u00e9n por su disposici\u00f3n a todas las corporaciones, al Mando Especial, Al Ej\u00e9rcito Mexicano, La Guardia Nacional, la Fiscal\u00eda General, Polic\u00eda Estatal, a los consejos de Seguridad y Vialidad, dependencias estatales y municipales, regidores, a todos, porque iniciamos el trabajo coordinado con miras al futuro de Torre\u00f3n\u201d. El edil solicit\u00f3 a los integrantes de la mesa presentar un esquema de trabajo por dependencias, en funci\u00f3n de las nuevas estrategias e inversi\u00f3n tanto en seguridad, como en la vinculaci\u00f3n de obra p\u00fablica en movilidad con la Seguridad Vial. Referente al \u00edndice semanal de incidencia delictiva, el comisario C\u00e9sar Antonio Perales Esparza inform\u00f3 que en la semana del 8 al 14 de enero, disminuy\u00f3 el \u00edndice delictivo en el rubro de robo a local comercial con violencia, con cuatro eventos; as\u00ed como el robo a local comercial sin violencia, con cinco eventos, en este \u00faltimo hubo tres detenidos en flagrancia. La Polic\u00eda Municipal efectu\u00f3 59 detenciones que fueron remitidas al Ministerio P\u00fablico y 45 al Juez Calificador. El Grupo de Reacci\u00f3n Torre\u00f3n realiz\u00f3 23 detenciones relacionadas con la posesi\u00f3n de narc\u00f3ticos.<\/p>\n\n\n\n<p>Martha Esther Rodr\u00edguez Romero, presidenta del Centro de Justicia Municipal, inform\u00f3 que del 1 al 15 de enero, la principal falta de detenciones fue por persona intoxicada, con 39 casos; y en segundo lugar est\u00e1 alterar el orden en la v\u00eda p\u00fablica, con 38.<\/p>\n\n\n\n<p>En el mismo periodo, el \u00e1rea de Trabajo Social y G\u00e9nero atendi\u00f3 un total de 93 tamizajes, de los cuales cuatro fueron canalizados a alguna instituci\u00f3n.<\/p>\n\n\n\n<p>El Juzgado C\u00edvico atendi\u00f3 54 audiencias, y el \u00e1rea de Mediaci\u00f3n realiz\u00f3 seis entrevistas a personas involucradas en alg\u00fan conflicto vecinal.<\/p>\n\n\n\n<p>Luis Alberto Morales Cort\u00e9s, director de Vialidad y Movilidad Urbana, inform\u00f3 sobre el programa \u201cConduce Seguro\u201d que adem\u00e1s de las estrategias dirigidas a los motociclistas, se tuvo un acercamiento con distribuidores, comercializadores y talleres de este tipo de veh\u00edculos, para generar alianzas en favor de la Seguridad Vial.<\/p>\n\n\n\n<p>Adem\u00e1s, mencion\u00f3 que en las primeras semanas de la actual Administraci\u00f3n, suman cuatro generaciones de motociclistas capacitados en manejo preventivo y defensivo, con cerca de 130 participantes.<\/p>\n\n\n\n<p>En cuanto a labores sociales, el director se\u00f1al\u00f3 que los elementos realizan en promedio ocho acciones diarias, en su mayor\u00eda en apoyo a ciudadanos con veh\u00edculos averiados.<\/p>\n\n\n\n<p>Jorge Luis Ju\u00e1rez Llanas, director de Protecci\u00f3n Civil y Bomberos, mencion\u00f3 que esta semana se atendieron 188 servicios por parte de las diferentes estaciones.<\/p>\n\n\n\n<p>Respecto al Operativo Abrigo, inform\u00f3 que se han intensificado las acciones en coordinaci\u00f3n con el Gobierno del Estado y se mantendr\u00e1n en alerta para atender a la poblaci\u00f3n durante los pr\u00f3ximos d\u00edas en que se prev\u00e9 una baja considerable en la temperatura.<\/p>\n\n\n\n<p>Adem\u00e1s, el director dio a conocer que en lo que va del a\u00f1o, se han capacitado a 155 adultos en la cultura de protecci\u00f3n civil.<\/p>\n\n\n\n<p>Pablo Fern\u00e1ndez Llamas, director de Inspecci\u00f3n y Verificaci\u00f3n, inform\u00f3 que los principales reportes que recibi\u00f3 la dependencia mediante el sistema 073, del 2 al 15 de enero, fueron por obstrucci\u00f3n en la v\u00eda p\u00fablica, con 30; y veh\u00edculos chatarra, con 13.<\/p>\n","protected":false},"excerpt":{"rendered":"<p>Torre\u00f3n, Coahuila. A 17 de enero de 2025.- Este viernes, el alcalde Rom\u00e1n Alberto Cepeda Gonz\u00e1lez instal\u00f3 la primera mesa semanal de seguridad de la Administraci\u00f3n 2025-2026-2027, en la cual destac\u00f3 que, si bien habr\u00e1 nuevos retos y compromisos, prevalecer\u00e1 la extraordinaria coordinaci\u00f3n con todos los \u00f3rdenes de Gobierno. El Presidente Municipal agradeci\u00f3 a quienes [&hellip;]<\/p>\n","protected":false},"author":1,"featured_media":14948,"comment_status":"open","ping_status":"open","sticky":false,"template":"","format":"standard","meta":{"_monsterinsights_skip_tracking":false,"_monsterinsights_sitenote_active":false,"_monsterinsights_sitenote_note":"","_monsterinsights_sitenote_category":0,"footnotes":""},"categories":[1],"tags":[],"_links":{"self":[{"href":"https:\/\/zonalimitrofe-cbnr.com\/index.php\/wp-json\/wp\/v2\/posts\/14947"}],"collection":[{"href":"https:\/\/zonalimitrofe-cbnr.com\/index.php\/wp-json\/wp\/v2\/posts"}],"about":[{"href":"https:\/\/zonalimitrofe-cbnr.com\/index.php\/wp-json\/wp\/v2\/types\/post"}],"author":[{"embeddable":true,"href":"https:\/\/zonalimitrofe-cbnr.com\/index.php\/wp-json\/wp\/v2\/users\/1"}],"replies":[{"embeddable":true,"href":"https:\/\/zonalimitrofe-cbnr.com\/index.php\/wp-json\/wp\/v2\/comments?post=14947"}],"version-history":[{"count":1,"href":"https:\/\/zonalimitrofe-cbnr.com\/index.php\/wp-json\/wp\/v2\/posts\/14947\/revisions"}],"predecessor-version":[{"id":14949,"href":"https:\/\/zonalimitrofe-cbnr.com\/index.php\/wp-json\/wp\/v2\/posts\/14947\/revisions\/14949"}],"wp:featuredmedia":[{"embeddable":true,"href":"https:\/\/zonalimitrofe-cbnr.com\/index.php\/wp-json\/wp\/v2\/media\/14948"}],"wp:attachment":[{"href":"https:\/\/zonalimitrofe-cbnr.com\/index.php\/wp-json\/wp\/v2\/media?parent=14947"}],"wp:term":[{"taxonomy":"category","embeddable":true,"href":"https:\/\/zonalimitrofe-cbnr.com\/index.php\/wp-json\/wp\/v2\/categories?post=14947"},{"taxonomy":"post_tag","embeddable":true,"href":"https:\/\/zonalimitrofe-cbnr.com\/index.php\/wp-json\/wp\/v2\/tags?post=14947"}],"curies":[{"name":"wp","href":"https:\/\/api.w.org\/{rel}","templated":true}]}}