{"id":1493,"date":"2024-02-06T18:44:33","date_gmt":"2024-02-07T00:44:33","guid":{"rendered":"https:\/\/zonalimitrofe-cbnr.com\/?p=1493"},"modified":"2024-02-06T18:44:33","modified_gmt":"2024-02-07T00:44:33","slug":"torreon-inicia-caravana-de-la-salud","status":"publish","type":"post","link":"https:\/\/zonalimitrofe-cbnr.com\/index.php\/2024\/02\/06\/torreon-inicia-caravana-de-la-salud\/","title":{"rendered":"#Torre\u00f3n. Inicia Caravana de la Salud"},"content":{"rendered":"\n<p><strong>Torre\u00f3n, Coahuila. A 06 de febrero de 2024.<\/strong> El gobernador de Coahuila, Manolo Jim\u00e9nez Salinas, y el alcalde Rom\u00e1n Alberto Cepeda Gonz\u00e1lez, arrancaron este lunes la Caravana de la Salud en Torre\u00f3n, para la detecci\u00f3n oportuna y prevenci\u00f3n de diferentes enfermedades entre la poblaci\u00f3n. El Presidente Municipal destac\u00f3 la importancia de la salud para toda la poblaci\u00f3n del estado, de la regi\u00f3n y del municipio, pues dijo es la condici\u00f3n indispensable para poder desarrollar otras \u00e1reas como seguridad, empleo, arte y movilidad. \u201cLo m\u00e1s valioso que tiene Coahuila, La Laguna y Torre\u00f3n es su gente, y tener gente sana y atenderla con estas caravanas de la salud es fundamental\u201d, dijo el edil. En su mensaje, el Alcalde explic\u00f3 que las caravanas de la salud ser\u00e1n un apoyo importante para el municipio y para toda la regi\u00f3n, y manifest\u00f3 el respaldo de su Gobierno para lograr que el programa beneficie a m\u00e1s personas. \u201cLes quiero pedir que sigamos unidos, trabajando con las caravanas de la salud que nos estar\u00e1n atendiendo y que nos permitir\u00e1n tener una sociedad m\u00e1s sana, m\u00e1s comprometida y justa\u201d, se\u00f1al\u00f3 Cepeda Gonz\u00e1lez. Manolo Jim\u00e9nez Salinas, gobernador de Coahuila, dijo que el proyecto de las caravanas de la salud inicia en Torre\u00f3n para todos los municipios de La Laguna y para todas las regiones del estado. Adem\u00e1s, coment\u00f3 que el programa forma parte de los proyectos de los primeros 100 d\u00edas de Gobierno. El mandatario pidi\u00f3 a los asistentes comentar con sus vecinos sobre los servicios gratuitos que presta el programa y que ayudan en ahorrar en traslados y tiempo. Jim\u00e9nez Salinas dijo que en las pr\u00f3ximas semanas tambi\u00e9n iniciar\u00e1 un programa que incluye la rehabilitaci\u00f3n de los 133 centros de salud que existen en Coahuila. Eliud Felipe Aguirre V\u00e1zquez, secretario de Salud de Coahuila, explic\u00f3 que el programa de las caravanas de la salud recorrer\u00e1 todos los rincones del estado.<\/p>\n\n\n\n<p>\u201cNuestra prioridad es ofrecer servicios de salud a las familias coahuilenses que m\u00e1s lo requieran, en especial aquellas que carecen de seguridad social\u201d.<\/p>\n\n\n\n<p>Dijo que para alcanzar las metas trazadas de manera institucional, se trabajar\u00e1 en coordinaci\u00f3n con la oficina Inspira Coahuila, DIF Coahuila, Secretar\u00eda de Inclusi\u00f3n y Desarrollo Social, adem\u00e1s de cada una de las 38 presidencias municipales.<\/p>\n\n\n\n<p>Coment\u00f3 que el personal m\u00e9dico y de enfermer\u00eda dar\u00e1 especial atenci\u00f3n a la prevenci\u00f3n en materia de salud, para orientar a cada uno de los coahuilenses a acudir de manera peri\u00f3dica a revisiones.<\/p>\n","protected":false},"excerpt":{"rendered":"<p>Torre\u00f3n, Coahuila. A 06 de febrero de 2024. El gobernador de Coahuila, Manolo Jim\u00e9nez Salinas, y el alcalde Rom\u00e1n Alberto Cepeda Gonz\u00e1lez, arrancaron este lunes la Caravana de la Salud en Torre\u00f3n, para la detecci\u00f3n oportuna y prevenci\u00f3n de diferentes enfermedades entre la poblaci\u00f3n. El Presidente Municipal destac\u00f3 la importancia de la salud para toda [&hellip;]<\/p>\n","protected":false},"author":1,"featured_media":1494,"comment_status":"open","ping_status":"open","sticky":false,"template":"","format":"standard","meta":{"_monsterinsights_skip_tracking":false,"_monsterinsights_sitenote_active":false,"_monsterinsights_sitenote_note":"","_monsterinsights_sitenote_category":0,"footnotes":""},"categories":[1],"tags":[],"_links":{"self":[{"href":"https:\/\/zonalimitrofe-cbnr.com\/index.php\/wp-json\/wp\/v2\/posts\/1493"}],"collection":[{"href":"https:\/\/zonalimitrofe-cbnr.com\/index.php\/wp-json\/wp\/v2\/posts"}],"about":[{"href":"https:\/\/zonalimitrofe-cbnr.com\/index.php\/wp-json\/wp\/v2\/types\/post"}],"author":[{"embeddable":true,"href":"https:\/\/zonalimitrofe-cbnr.com\/index.php\/wp-json\/wp\/v2\/users\/1"}],"replies":[{"embeddable":true,"href":"https:\/\/zonalimitrofe-cbnr.com\/index.php\/wp-json\/wp\/v2\/comments?post=1493"}],"version-history":[{"count":1,"href":"https:\/\/zonalimitrofe-cbnr.com\/index.php\/wp-json\/wp\/v2\/posts\/1493\/revisions"}],"predecessor-version":[{"id":1495,"href":"https:\/\/zonalimitrofe-cbnr.com\/index.php\/wp-json\/wp\/v2\/posts\/1493\/revisions\/1495"}],"wp:featuredmedia":[{"embeddable":true,"href":"https:\/\/zonalimitrofe-cbnr.com\/index.php\/wp-json\/wp\/v2\/media\/1494"}],"wp:attachment":[{"href":"https:\/\/zonalimitrofe-cbnr.com\/index.php\/wp-json\/wp\/v2\/media?parent=1493"}],"wp:term":[{"taxonomy":"category","embeddable":true,"href":"https:\/\/zonalimitrofe-cbnr.com\/index.php\/wp-json\/wp\/v2\/categories?post=1493"},{"taxonomy":"post_tag","embeddable":true,"href":"https:\/\/zonalimitrofe-cbnr.com\/index.php\/wp-json\/wp\/v2\/tags?post=1493"}],"curies":[{"name":"wp","href":"https:\/\/api.w.org\/{rel}","templated":true}]}}