{"id":14896,"date":"2025-01-16T15:15:40","date_gmt":"2025-01-16T21:15:40","guid":{"rendered":"https:\/\/zonalimitrofe-cbnr.com\/?p=14896"},"modified":"2025-01-16T15:15:40","modified_gmt":"2025-01-16T21:15:40","slug":"lerdo-regresa-a-escuelas-de-lerdo-el-programa-cuidame","status":"publish","type":"post","link":"https:\/\/zonalimitrofe-cbnr.com\/index.php\/2025\/01\/16\/lerdo-regresa-a-escuelas-de-lerdo-el-programa-cuidame\/","title":{"rendered":"#Lerdo. REGRESA A ESCUELAS DE LERDO EL PROGRAMA \u201cCU\u00cdDAME\u201d*"},"content":{"rendered":"\n<p>Lerdo, 16 de enero 2025.- La directora del Sistema para el Desarrollo Integral de la Familia, Olivia Ivonne Guti\u00e9rrez Garc\u00eda, dio a conocer que con el regreso a clases de los ni\u00f1os de nivel b\u00e1sico, tambi\u00e9n regres\u00f3 el programa \u201cCu\u00eddame\u201d para la prevenci\u00f3n de la violencia infantil, siendo el Preescolar Jorge Biset de Villa de Guadalupe, y la Primaria Emiliano zapata Dolores, los primeros lugares en visitar.<\/p>\n\n\n\n<p>\u201cregresamos a las escuelas, visitando preescolares y primarias de nuestro municipio, y a trav\u00e9s de estas actividades din\u00e1micas y adaptadas a su edad, les ense\u00f1amos a los peque\u00f1os c\u00f3mo identificar situaciones de riesgo y protegerse\u201d dijo la titular del DIF.<\/p>\n\n\n\n<p>Tambi\u00e9n, comparti\u00f3 que la seguridad y la protecci\u00f3n de la ni\u00f1ez son prioridad en el municipio de Lerdo, para el Alcalde Homero Mart\u00ednez Cabrera y la presidenta honoraria del DIF, Susy Torrecillas Salazar, por lo que el particular de esta dependencia municipal trabaja para brindar a los menores las herramientas necesarias que les permitan crecer en un ambiente seguro y con valores s\u00f3lidos.<\/p>\n\n\n\n<p>Finalmente, record\u00f3 a los peque\u00f1os que el n\u00famero telef\u00f3nico de atenci\u00f3n es el (871) 7 25 30 32, mismo al que pueden llamar cuando sientan que sus derechos han sido violentados. El DIF Lerdo se encuentra en la avenida Coronado, esquina con calle Morelos, con un horario de atenci\u00f3n de 8:00 a 16:00 horas de lunes a viernes.<\/p>\n","protected":false},"excerpt":{"rendered":"<p>Lerdo, 16 de enero 2025.- La directora del Sistema para el Desarrollo Integral de la Familia, Olivia Ivonne Guti\u00e9rrez Garc\u00eda, dio a conocer que con el regreso a clases de los ni\u00f1os de nivel b\u00e1sico, tambi\u00e9n regres\u00f3 el programa \u201cCu\u00eddame\u201d para la prevenci\u00f3n de la violencia infantil, siendo el Preescolar Jorge Biset de Villa de [&hellip;]<\/p>\n","protected":false},"author":1,"featured_media":14897,"comment_status":"open","ping_status":"open","sticky":false,"template":"","format":"standard","meta":{"_monsterinsights_skip_tracking":false,"_monsterinsights_sitenote_active":false,"_monsterinsights_sitenote_note":"","_monsterinsights_sitenote_category":0,"footnotes":""},"categories":[1],"tags":[],"_links":{"self":[{"href":"https:\/\/zonalimitrofe-cbnr.com\/index.php\/wp-json\/wp\/v2\/posts\/14896"}],"collection":[{"href":"https:\/\/zonalimitrofe-cbnr.com\/index.php\/wp-json\/wp\/v2\/posts"}],"about":[{"href":"https:\/\/zonalimitrofe-cbnr.com\/index.php\/wp-json\/wp\/v2\/types\/post"}],"author":[{"embeddable":true,"href":"https:\/\/zonalimitrofe-cbnr.com\/index.php\/wp-json\/wp\/v2\/users\/1"}],"replies":[{"embeddable":true,"href":"https:\/\/zonalimitrofe-cbnr.com\/index.php\/wp-json\/wp\/v2\/comments?post=14896"}],"version-history":[{"count":1,"href":"https:\/\/zonalimitrofe-cbnr.com\/index.php\/wp-json\/wp\/v2\/posts\/14896\/revisions"}],"predecessor-version":[{"id":14898,"href":"https:\/\/zonalimitrofe-cbnr.com\/index.php\/wp-json\/wp\/v2\/posts\/14896\/revisions\/14898"}],"wp:featuredmedia":[{"embeddable":true,"href":"https:\/\/zonalimitrofe-cbnr.com\/index.php\/wp-json\/wp\/v2\/media\/14897"}],"wp:attachment":[{"href":"https:\/\/zonalimitrofe-cbnr.com\/index.php\/wp-json\/wp\/v2\/media?parent=14896"}],"wp:term":[{"taxonomy":"category","embeddable":true,"href":"https:\/\/zonalimitrofe-cbnr.com\/index.php\/wp-json\/wp\/v2\/categories?post=14896"},{"taxonomy":"post_tag","embeddable":true,"href":"https:\/\/zonalimitrofe-cbnr.com\/index.php\/wp-json\/wp\/v2\/tags?post=14896"}],"curies":[{"name":"wp","href":"https:\/\/api.w.org\/{rel}","templated":true}]}}