{"id":14893,"date":"2025-01-16T15:13:06","date_gmt":"2025-01-16T21:13:06","guid":{"rendered":"https:\/\/zonalimitrofe-cbnr.com\/?p=14893"},"modified":"2025-01-16T15:13:06","modified_gmt":"2025-01-16T21:13:06","slug":"torreon-promueven-la-poda-responsable-para-el-mantenimiento-de-los-arboles","status":"publish","type":"post","link":"https:\/\/zonalimitrofe-cbnr.com\/index.php\/2025\/01\/16\/torreon-promueven-la-poda-responsable-para-el-mantenimiento-de-los-arboles\/","title":{"rendered":"#Torre\u00f3n. Promueven la poda responsable para el mantenimiento de los \u00e1rboles"},"content":{"rendered":"\n<p>Torre\u00f3n, Coahuila. A 16 de enero de 2025<\/p>\n\n\n\n<p>Con el prop\u00f3sito de fortalecer el compromiso colectivo por un entorno m\u00e1s sostenible, la Administraci\u00f3n Municipal a trav\u00e9s de la Direcci\u00f3n General de Medio Ambiente, invita a la poblaci\u00f3n a realizar el mantenimiento a sus \u00e1rboles, record\u00e1ndole que a\u00fan est\u00e1 vigente la temporada de poda responsable.<\/p>\n\n\n\n<p>Marcelo S\u00e1nchez Adame, director de la dependencia, indic\u00f3 que desde el 15 de diciembre de 2024 hasta el 28 de febrero del a\u00f1o en curso, es el periodo permitido de poda hasta del 30 por ciento del follaje de los \u00e1rboles, siempre que no se realice la tala completa.<\/p>\n\n\n\n<p>El funcionario explic\u00f3 que los \u00e1rboles juegan un papel fundamental en la absorci\u00f3n de di\u00f3xido de carbono y la producci\u00f3n de ox\u00edgeno, ayudando a reducir la contaminaci\u00f3n del aire y mejorar la salud de la poblaci\u00f3n.<\/p>\n\n\n\n<p>Igualmente, las \u00e1reas verdes contribuyen a regular la temperatura urbana, mitigar el efecto de isla de calor y ofrecer espacios de recreaci\u00f3n y bienestar para la poblaci\u00f3n.<\/p>\n\n\n\n<p>Por lo anterior, dijo que es importante que la ciudadan\u00eda adopte pr\u00e1cticas responsables que protejan el medio ambiente y eviten la contaminaci\u00f3n.<\/p>\n\n\n\n<p>El director dijo que un claro ejemplo de responsabilidad social es no quemar basura o llantas, y sumarse a las jornadas de reforestaci\u00f3n, entre otras acciones.<\/p>\n\n\n\n<p>S\u00e1nchez Adame destac\u00f3 que la reforestaci\u00f3n favorece a mejorar la calidad del aire y preservar las \u00e1reas verdes de Torre\u00f3n.<\/p>\n\n\n\n<p>\u201cEsta pr\u00e1ctica no solo consiste en plantar \u00e1rboles, sino en garantizar su crecimiento y adaptaci\u00f3n al entorno mediante el cuidado adecuado, y la selecci\u00f3n de especies nativas, riego constante y monitoreo continuo\u201d, se\u00f1al\u00f3 el director.<\/p>\n\n\n\n<p>Destac\u00f3 que la dependencia a su cargo pone a disposici\u00f3n de la ciudadan\u00eda programas de reforestaci\u00f3n, asesor\u00eda jur\u00eddica y educaci\u00f3n ambiental, dirigidos a escuelas, comunidades y ciudadan\u00eda en general, promoviendo la participaci\u00f3n conjunta entre sociedad y Gobierno.<\/p>\n\n\n\n<p>El director reiter\u00f3 que cuidar las \u00e1reas verdes es responsabilidad de todos, por lo que la Administraci\u00f3n del alcalde Rom\u00e1n Alberto Cepeda Gonz\u00e1lez, mantiene un gobierno abierto a la participaci\u00f3n de la ciudadan\u00eda, para atender las iniciativas que contribuyan a la construcci\u00f3n de un Torre\u00f3n m\u00e1s verde y saludable<\/p>\n","protected":false},"excerpt":{"rendered":"<p>Torre\u00f3n, Coahuila. A 16 de enero de 2025 Con el prop\u00f3sito de fortalecer el compromiso colectivo por un entorno m\u00e1s sostenible, la Administraci\u00f3n Municipal a trav\u00e9s de la Direcci\u00f3n General de Medio Ambiente, invita a la poblaci\u00f3n a realizar el mantenimiento a sus \u00e1rboles, record\u00e1ndole que a\u00fan est\u00e1 vigente la temporada de poda responsable. Marcelo [&hellip;]<\/p>\n","protected":false},"author":1,"featured_media":14894,"comment_status":"open","ping_status":"open","sticky":false,"template":"","format":"standard","meta":{"_monsterinsights_skip_tracking":false,"_monsterinsights_sitenote_active":false,"_monsterinsights_sitenote_note":"","_monsterinsights_sitenote_category":0,"footnotes":""},"categories":[1],"tags":[],"_links":{"self":[{"href":"https:\/\/zonalimitrofe-cbnr.com\/index.php\/wp-json\/wp\/v2\/posts\/14893"}],"collection":[{"href":"https:\/\/zonalimitrofe-cbnr.com\/index.php\/wp-json\/wp\/v2\/posts"}],"about":[{"href":"https:\/\/zonalimitrofe-cbnr.com\/index.php\/wp-json\/wp\/v2\/types\/post"}],"author":[{"embeddable":true,"href":"https:\/\/zonalimitrofe-cbnr.com\/index.php\/wp-json\/wp\/v2\/users\/1"}],"replies":[{"embeddable":true,"href":"https:\/\/zonalimitrofe-cbnr.com\/index.php\/wp-json\/wp\/v2\/comments?post=14893"}],"version-history":[{"count":1,"href":"https:\/\/zonalimitrofe-cbnr.com\/index.php\/wp-json\/wp\/v2\/posts\/14893\/revisions"}],"predecessor-version":[{"id":14895,"href":"https:\/\/zonalimitrofe-cbnr.com\/index.php\/wp-json\/wp\/v2\/posts\/14893\/revisions\/14895"}],"wp:featuredmedia":[{"embeddable":true,"href":"https:\/\/zonalimitrofe-cbnr.com\/index.php\/wp-json\/wp\/v2\/media\/14894"}],"wp:attachment":[{"href":"https:\/\/zonalimitrofe-cbnr.com\/index.php\/wp-json\/wp\/v2\/media?parent=14893"}],"wp:term":[{"taxonomy":"category","embeddable":true,"href":"https:\/\/zonalimitrofe-cbnr.com\/index.php\/wp-json\/wp\/v2\/categories?post=14893"},{"taxonomy":"post_tag","embeddable":true,"href":"https:\/\/zonalimitrofe-cbnr.com\/index.php\/wp-json\/wp\/v2\/tags?post=14893"}],"curies":[{"name":"wp","href":"https:\/\/api.w.org\/{rel}","templated":true}]}}