{"id":1481,"date":"2024-02-06T18:28:51","date_gmt":"2024-02-07T00:28:51","guid":{"rendered":"https:\/\/zonalimitrofe-cbnr.com\/?p=1481"},"modified":"2024-02-06T18:28:51","modified_gmt":"2024-02-07T00:28:51","slug":"durango-lleva-esteban-semilla-de-avena-y-bordos-de-abrevadero-a-productores-para-enfrentar-la-sequia-en-guadalupe-victoria","status":"publish","type":"post","link":"https:\/\/zonalimitrofe-cbnr.com\/index.php\/2024\/02\/06\/durango-lleva-esteban-semilla-de-avena-y-bordos-de-abrevadero-a-productores-para-enfrentar-la-sequia-en-guadalupe-victoria\/","title":{"rendered":"#Durango. Lleva Esteban semilla de avena y bordos de abrevadero a productores para enfrentar la sequ\u00eda en Guadalupe Victoria."},"content":{"rendered":"\n<ul>\n<li><em>Este 2024, ser\u00e1 el a\u00f1o del campo y con inversi\u00f3n de 400 mdp se realizar\u00e1n diversas acciones contra el estiaje.<\/em><\/li>\n\n\n\n<li><em>Reciben productores 80 toneladas de semilla de avena para siembra y construir\u00e1n siete bordos de abrevadero m\u00e1s.<\/em><\/li>\n<\/ul>\n\n\n\n<p>Guadalupe Victoria est\u00e1 empezando a crecer y este 2024, el campo contar\u00e1 con una inversi\u00f3n de 400 millones de pesos para hacer frente a la sequ\u00eda, asegur\u00f3 el gobernador Esteban Villegas Villarreal, al llevar semilla de avena a los productores de la regi\u00f3n de los Llanos y anunciar la construcci\u00f3n de siete bordos de abrevadero m\u00e1s para el ganado.<\/p>\n\n\n\n<p>En esta distribuci\u00f3n de semilla, el Ejecutivo Estatal reconoci\u00f3 el respaldo del Congreso del Estado, ya que, este a\u00f1o igual que el pasado, en vez de autorizar 160 millones de pesos para el campo como se ven\u00eda haciendo, se aprobaron casi 400 millones, lo que representa un aliciente para las familias del medio rural.<\/p>\n\n\n\n<p>Villegas Villarreal adelant\u00f3 que se pretende realizar un programa piloto, a decisi\u00f3n de quien le quiera entrar, para hacer un primer modelo en esta parte del estado con el frijol negro, que es el que tiene mercado, cuando menos este a\u00f1o y as\u00ed se estar\u00e1 aplicando con diferentes productos conforme a la zona.<\/p>\n\n\n\n<p>Comparti\u00f3 sobre las diversas empresas que est\u00e1n llegando a la entidad y algunas de ellas, se busca vincular la tecnolog\u00eda para favorecer la producci\u00f3n en tema de la agricultura y fortalecer al campo duranguense para que sea atractivo para las nuevas generaciones.<\/p>\n\n\n\n<p>\u201cHoy contamos aqu\u00ed con un buen amigo que siempre ha apoyado las causas de los agricultores\u201d, indic\u00f3 el alcalde David Ramos Zepeda, al recordar la dif\u00edcil situaci\u00f3n que han enfrentado con la sequ\u00eda en la regi\u00f3n de los Llanos, y que ahora reciben una muestra de solidaridad por parte del Gobierno del Estado, con la semilla de avena de excelente calidad, la cual, ayudar\u00e1 a recuperar la actividad productiva en el campo, adem\u00e1s de los recientes apoyos que se tuvieron como sementales de ganado selecto para mejorar el hato ganadero, as\u00ed como el anuncio de la pr\u00f3xima construcci\u00f3n de bordos de abrevadero.<\/p>\n\n\n\n<p>\u201cAgradecerte Gobernador, sabemos de tu compromiso con la gente del campo, sabes de qu\u00e9 se trata, lo que sufrimos, te pones de nuestro lado siempre respald\u00e1ndonos con programas de beneficio para nosotros\u201d, asinti\u00f3.<\/p>\n\n\n\n<p>\u00c9l, le est\u00e1 cumpliendo a Durango y a los agricultores, adem\u00e1s que le da prioridad a la seguridad, educaci\u00f3n, salud y el cuarto punto que nos interesa mucho: la sequ\u00eda, expres\u00f3 el diputado local, Carmelo Fern\u00e1ndez Padilla, tras el agradecimiento del representante de la Junta del poblado Felipe Carrillo Puerto, Adri\u00e1n Esquivel Piedra, por los bordos de abrevadero, que protegieron m\u00e1s de 500 hect\u00e1reas y ayudaron a que se captara agua para el consumo de ganado.<\/p>\n\n\n\n<p>El titular de la Secretar\u00eda de Agricultura, Ganader\u00eda y Desarrollo Rural (SAGDR), Ricardo Ociel Navarrete G\u00f3mez, explic\u00f3 que adem\u00e1s de la entrega de bordos de abrevadero, a trav\u00e9s de Fideicomisos Instituidos en relaci\u00f3n con la Agricultura (FIRA), se abrir\u00e1 una l\u00ednea de cr\u00e9dito para los trabajadores del campo y se buscar\u00e1 que esto se incremente a\u00f1o con a\u00f1o.<\/p>\n","protected":false},"excerpt":{"rendered":"<p>Guadalupe Victoria est\u00e1 empezando a crecer y este 2024, el campo contar\u00e1 con una inversi\u00f3n de 400 millones de pesos para hacer frente a la sequ\u00eda, asegur\u00f3 el gobernador Esteban Villegas Villarreal, al llevar semilla de avena a los productores de la regi\u00f3n de los Llanos y anunciar la construcci\u00f3n de siete bordos de abrevadero [&hellip;]<\/p>\n","protected":false},"author":1,"featured_media":1482,"comment_status":"open","ping_status":"open","sticky":false,"template":"","format":"standard","meta":{"_monsterinsights_skip_tracking":false,"_monsterinsights_sitenote_active":false,"_monsterinsights_sitenote_note":"","_monsterinsights_sitenote_category":0,"footnotes":""},"categories":[1],"tags":[],"_links":{"self":[{"href":"https:\/\/zonalimitrofe-cbnr.com\/index.php\/wp-json\/wp\/v2\/posts\/1481"}],"collection":[{"href":"https:\/\/zonalimitrofe-cbnr.com\/index.php\/wp-json\/wp\/v2\/posts"}],"about":[{"href":"https:\/\/zonalimitrofe-cbnr.com\/index.php\/wp-json\/wp\/v2\/types\/post"}],"author":[{"embeddable":true,"href":"https:\/\/zonalimitrofe-cbnr.com\/index.php\/wp-json\/wp\/v2\/users\/1"}],"replies":[{"embeddable":true,"href":"https:\/\/zonalimitrofe-cbnr.com\/index.php\/wp-json\/wp\/v2\/comments?post=1481"}],"version-history":[{"count":1,"href":"https:\/\/zonalimitrofe-cbnr.com\/index.php\/wp-json\/wp\/v2\/posts\/1481\/revisions"}],"predecessor-version":[{"id":1483,"href":"https:\/\/zonalimitrofe-cbnr.com\/index.php\/wp-json\/wp\/v2\/posts\/1481\/revisions\/1483"}],"wp:featuredmedia":[{"embeddable":true,"href":"https:\/\/zonalimitrofe-cbnr.com\/index.php\/wp-json\/wp\/v2\/media\/1482"}],"wp:attachment":[{"href":"https:\/\/zonalimitrofe-cbnr.com\/index.php\/wp-json\/wp\/v2\/media?parent=1481"}],"wp:term":[{"taxonomy":"category","embeddable":true,"href":"https:\/\/zonalimitrofe-cbnr.com\/index.php\/wp-json\/wp\/v2\/categories?post=1481"},{"taxonomy":"post_tag","embeddable":true,"href":"https:\/\/zonalimitrofe-cbnr.com\/index.php\/wp-json\/wp\/v2\/tags?post=1481"}],"curies":[{"name":"wp","href":"https:\/\/api.w.org\/{rel}","templated":true}]}}