{"id":14527,"date":"2025-01-07T18:26:24","date_gmt":"2025-01-08T00:26:24","guid":{"rendered":"https:\/\/zonalimitrofe-cbnr.com\/?p=14527"},"modified":"2025-01-07T18:27:36","modified_gmt":"2025-01-08T00:27:36","slug":"torreon-inicia-el-retiro-de-decoracion-navidena-en-torreon","status":"publish","type":"post","link":"https:\/\/zonalimitrofe-cbnr.com\/index.php\/2025\/01\/07\/torreon-inicia-el-retiro-de-decoracion-navidena-en-torreon\/","title":{"rendered":"#Torre\u00f3n. Inicia el retiro de decoraci\u00f3n navide\u00f1a en Torre\u00f3n"},"content":{"rendered":"\n<p><strong>Torre\u00f3n, Coahuila. A 07 de enero de 2025.-<\/strong> Luego de la colocaci\u00f3n de 26 mil metros de luces navide\u00f1as y diversas figuras ornamentales que embellecieron las principales vialidades de Torre\u00f3n durante la temporada decembrina, el personal de la Direcci\u00f3n General de Servicios P\u00fablicos dio inicio al retiro de esta decoraci\u00f3n. Las acciones comenzaron hoy con el desmontaje en el \u00e1rea del Giro Independencia. Fernando Villarreal Cu\u00e9llar, director de la dependencia, inform\u00f3 que el retiro completo de la ornamentaci\u00f3n navide\u00f1a est\u00e1 programado para concluir en un lapso de dos semanas. Durante este tiempo, las cuadrillas del \u00e1rea de Alumbrado de la direcci\u00f3n, trabajar\u00e1n de manera organizada para garantizar que las vialidades queden en \u00f3ptimas condiciones tras el desmantelamiento. \u201cEsta semana el personal se enfocar\u00e1 en retirar las luces instaladas en el bulevar Independencia, en el tramo que comprende desde el centro comercial Galer\u00edas, hasta la calle Ildefonso Fuentes, procurando la m\u00ednima afectaci\u00f3n al tr\u00e1nsito vehicular en la zona\u201d, inform\u00f3 el funcionario. Villarreal Cuellar destac\u00f3 que el retiro de la decoraci\u00f3n se lleva a cabo con el mismo compromiso que al ser colocado, preservando la calidad de los espacios p\u00fablicos y evitando da\u00f1os. Resalt\u00f3 que la ornamentaci\u00f3n ser\u00e1 almacenada y revisada para su posible reutilizaci\u00f3n en futuras temporadas, como parte del compromiso con la sostenibilidad y el uso eficiente de los recursos p\u00fablicos. El director invit\u00f3 a la poblaci\u00f3n a seguir participando en el cuidado de los espacios p\u00fablicos y a mantenerse informada sobre el proceso de retiro en vialidades a trav\u00e9s de las redes sociales oficiales del Municipio. Cabe mencionar que el personal de Servicios P\u00fablicos inici\u00f3 con la instalaci\u00f3n de luces desde el pasado mes de noviembre, como parte de los preparativos por la temporada navide\u00f1a.<\/p>\n","protected":false},"excerpt":{"rendered":"<p>Torre\u00f3n, Coahuila. A 07 de enero de 2025.- Luego de la colocaci\u00f3n de 26 mil metros de luces navide\u00f1as y diversas figuras ornamentales que embellecieron las principales vialidades de Torre\u00f3n durante la temporada decembrina, el personal de la Direcci\u00f3n General de Servicios P\u00fablicos dio inicio al retiro de esta decoraci\u00f3n. Las acciones comenzaron hoy con [&hellip;]<\/p>\n","protected":false},"author":1,"featured_media":14530,"comment_status":"open","ping_status":"open","sticky":false,"template":"","format":"standard","meta":{"_monsterinsights_skip_tracking":false,"_monsterinsights_sitenote_active":false,"_monsterinsights_sitenote_note":"","_monsterinsights_sitenote_category":0,"footnotes":""},"categories":[1],"tags":[],"_links":{"self":[{"href":"https:\/\/zonalimitrofe-cbnr.com\/index.php\/wp-json\/wp\/v2\/posts\/14527"}],"collection":[{"href":"https:\/\/zonalimitrofe-cbnr.com\/index.php\/wp-json\/wp\/v2\/posts"}],"about":[{"href":"https:\/\/zonalimitrofe-cbnr.com\/index.php\/wp-json\/wp\/v2\/types\/post"}],"author":[{"embeddable":true,"href":"https:\/\/zonalimitrofe-cbnr.com\/index.php\/wp-json\/wp\/v2\/users\/1"}],"replies":[{"embeddable":true,"href":"https:\/\/zonalimitrofe-cbnr.com\/index.php\/wp-json\/wp\/v2\/comments?post=14527"}],"version-history":[{"count":1,"href":"https:\/\/zonalimitrofe-cbnr.com\/index.php\/wp-json\/wp\/v2\/posts\/14527\/revisions"}],"predecessor-version":[{"id":14529,"href":"https:\/\/zonalimitrofe-cbnr.com\/index.php\/wp-json\/wp\/v2\/posts\/14527\/revisions\/14529"}],"wp:featuredmedia":[{"embeddable":true,"href":"https:\/\/zonalimitrofe-cbnr.com\/index.php\/wp-json\/wp\/v2\/media\/14530"}],"wp:attachment":[{"href":"https:\/\/zonalimitrofe-cbnr.com\/index.php\/wp-json\/wp\/v2\/media?parent=14527"}],"wp:term":[{"taxonomy":"category","embeddable":true,"href":"https:\/\/zonalimitrofe-cbnr.com\/index.php\/wp-json\/wp\/v2\/categories?post=14527"},{"taxonomy":"post_tag","embeddable":true,"href":"https:\/\/zonalimitrofe-cbnr.com\/index.php\/wp-json\/wp\/v2\/tags?post=14527"}],"curies":[{"name":"wp","href":"https:\/\/api.w.org\/{rel}","templated":true}]}}