{"id":14524,"date":"2025-01-07T18:23:08","date_gmt":"2025-01-08T00:23:08","guid":{"rendered":"https:\/\/zonalimitrofe-cbnr.com\/?p=14524"},"modified":"2025-01-07T18:23:08","modified_gmt":"2025-01-08T00:23:08","slug":"lerdo-anuncia-homero-martinez-el-arranque-operativo-del-par-vial-en-villa-juarez","status":"publish","type":"post","link":"https:\/\/zonalimitrofe-cbnr.com\/index.php\/2025\/01\/07\/lerdo-anuncia-homero-martinez-el-arranque-operativo-del-par-vial-en-villa-juarez\/","title":{"rendered":"#Lerdo. ANUNCIA HOMERO MART\u00cdNEZ EL ARRANQUE OPERATIVO DEL PAR VIAL EN VILLA JU\u00c1REZ*"},"content":{"rendered":"\n<p>Lerdo, 07 de enero 2025.- El pasado lunes, la Direcci\u00f3n de Tr\u00e1nsito y Vialidad del Municipio de Lerdo dio inicio a la operatividad del nuevo Par Vial en Ciudad Ju\u00e1rez, comenzando con socializar el nuevo sentido de las ruas, dirigida a los conductores que transitan diariamente por la localidad. En esta fase, se cuenta con la presencia permanente de personal de vialidad, se\u00f1alizaci\u00f3n adecuada y semaforizaci\u00f3n.<\/p>\n\n\n\n<p>La implementaci\u00f3n del Par Vial en Lerdo busca mejorar la fluidez del tr\u00e1fico para miles de conductores que transitan a diario por la ciudad y que enfrentan problemas debido al paso de camiones de transporte p\u00fablico y veh\u00edculos pesados. Por ello, establecer la circulaci\u00f3n en un solo sentido brindar\u00e1 beneficios significativos, como una mayor organizaci\u00f3n y rapidez en los desplazamientos.<\/p>\n\n\n\n<p>Los conductores que ingresen al centro de la Villa deber\u00e1n transitar por la avenida Benito Ju\u00e1rez, mientras que quienes salgan de la ciudad deber\u00e1n utilizar la avenida Madero, desde la calle Escobedo hasta la calle Francisco Villa y reintegrarse al tramo federal rumbo al Huarache.<\/p>\n\n\n\n<p>El Alcalde exhort\u00f3 a los ciudadanos locales a adaptarse a este nuevo ajuste vial, que ha requerido la pavimentaci\u00f3n de la calle Madero, as\u00ed como la instalaci\u00f3n de sem\u00e1foros y se\u00f1alizaci\u00f3n vial. Adem\u00e1s, se han llevado a cabo cursos de capacitaci\u00f3n para estudiantes de nivel b\u00e1sico, fomentando una cultura vial m\u00e1s responsable.<\/p>\n","protected":false},"excerpt":{"rendered":"<p>Lerdo, 07 de enero 2025.- El pasado lunes, la Direcci\u00f3n de Tr\u00e1nsito y Vialidad del Municipio de Lerdo dio inicio a la operatividad del nuevo Par Vial en Ciudad Ju\u00e1rez, comenzando con socializar el nuevo sentido de las ruas, dirigida a los conductores que transitan diariamente por la localidad. En esta fase, se cuenta con [&hellip;]<\/p>\n","protected":false},"author":1,"featured_media":14525,"comment_status":"open","ping_status":"open","sticky":false,"template":"","format":"standard","meta":{"_monsterinsights_skip_tracking":false,"_monsterinsights_sitenote_active":false,"_monsterinsights_sitenote_note":"","_monsterinsights_sitenote_category":0,"footnotes":""},"categories":[1],"tags":[],"_links":{"self":[{"href":"https:\/\/zonalimitrofe-cbnr.com\/index.php\/wp-json\/wp\/v2\/posts\/14524"}],"collection":[{"href":"https:\/\/zonalimitrofe-cbnr.com\/index.php\/wp-json\/wp\/v2\/posts"}],"about":[{"href":"https:\/\/zonalimitrofe-cbnr.com\/index.php\/wp-json\/wp\/v2\/types\/post"}],"author":[{"embeddable":true,"href":"https:\/\/zonalimitrofe-cbnr.com\/index.php\/wp-json\/wp\/v2\/users\/1"}],"replies":[{"embeddable":true,"href":"https:\/\/zonalimitrofe-cbnr.com\/index.php\/wp-json\/wp\/v2\/comments?post=14524"}],"version-history":[{"count":1,"href":"https:\/\/zonalimitrofe-cbnr.com\/index.php\/wp-json\/wp\/v2\/posts\/14524\/revisions"}],"predecessor-version":[{"id":14526,"href":"https:\/\/zonalimitrofe-cbnr.com\/index.php\/wp-json\/wp\/v2\/posts\/14524\/revisions\/14526"}],"wp:featuredmedia":[{"embeddable":true,"href":"https:\/\/zonalimitrofe-cbnr.com\/index.php\/wp-json\/wp\/v2\/media\/14525"}],"wp:attachment":[{"href":"https:\/\/zonalimitrofe-cbnr.com\/index.php\/wp-json\/wp\/v2\/media?parent=14524"}],"wp:term":[{"taxonomy":"category","embeddable":true,"href":"https:\/\/zonalimitrofe-cbnr.com\/index.php\/wp-json\/wp\/v2\/categories?post=14524"},{"taxonomy":"post_tag","embeddable":true,"href":"https:\/\/zonalimitrofe-cbnr.com\/index.php\/wp-json\/wp\/v2\/tags?post=14524"}],"curies":[{"name":"wp","href":"https:\/\/api.w.org\/{rel}","templated":true}]}}