{"id":14477,"date":"2025-01-06T22:32:44","date_gmt":"2025-01-07T04:32:44","guid":{"rendered":"https:\/\/zonalimitrofe-cbnr.com\/?p=14477"},"modified":"2025-01-06T22:32:44","modified_gmt":"2025-01-07T04:32:44","slug":"uadec-abiertas-las-inscripciones-para-el-taller-de-cortometraje-que-convoca-la-uadec","status":"publish","type":"post","link":"https:\/\/zonalimitrofe-cbnr.com\/index.php\/2025\/01\/06\/uadec-abiertas-las-inscripciones-para-el-taller-de-cortometraje-que-convoca-la-uadec\/","title":{"rendered":"#UAdeC. Abiertas las Inscripciones para el Taller de Cortometraje que Convoca la UAdeC"},"content":{"rendered":"\n<p>SALTILLO, Coahuila. 6 de enero de 2025. A partir de este lunes 6 al viernes 10 de enero se abren las inscripciones para el Taller de Cortometraje que convoca la Universidad Aut\u00f3noma de Coahuila, que se impartir\u00e1 en el Recinto Universitario Aurora Morales de L\u00f3pez durante el semestre enero-junio de 2025.<\/p>\n\n\n\n<p>A trav\u00e9s de la Coordinaci\u00f3n de Difusi\u00f3n y Patrimonio Cultural, por primera vez se ofrecer\u00e1 este Taller que forma parte del compromiso de la innovaci\u00f3n y pertinencia en la oferta educativa que ofrece la m\u00e1xima casa de estudios a la poblaci\u00f3n universitaria y al p\u00fablico en general.<\/p>\n\n\n\n<p>Este programa acad\u00e9mico tiene como objetivo que los j\u00f3venes y adultos participantes conozcan sobre el mundo cinematogr\u00e1fico y audiovisual de forma pr\u00e1ctica y l\u00fadica, mientras realizan un cortometraje y experimentar\u00e1n las tres etapas de la realizaci\u00f3n: la preproducci\u00f3n, producci\u00f3n y postproducci\u00f3n.<\/p>\n\n\n\n<p>Las clases iniciar\u00e1n el 13 de enero y ser\u00e1n los lunes y viernes de 7 a 8 pm en el Recinto Universitario Aurora Morales de L\u00f3pez, ubicado en la calle Ramos Arizpe #229 entre la calle Morelos y Allende en el Centro Hist\u00f3rico de Saltillo; la inscripci\u00f3n es de $350 pesos y mensualidades de $600 para alumnos\/trabajadores UAdeC y $800 para externos, informes al tel\u00e9fono del Recinto 844 410 32 03 o en el WhatsApp 844 481 88 88.<\/p>\n\n\n\n<p>El Taller de Cortometraje ser\u00e1 impartido por el Licenciado en Producci\u00f3n Cinematogr\u00e1fica Fernando Recio Valadez, egresado de Epic Film Institute, quien tambi\u00e9n tiene capacitaci\u00f3n en Producci\u00f3n y Lenguaje Audiovisual por la Facultad de Artes Visuales de la Universidad Aut\u00f3noma de Nuevo Le\u00f3n.<\/p>\n\n\n\n<p>Adem\u00e1s, cuenta con estudios sobre guion, audio, dise\u00f1o de producci\u00f3n, fotograf\u00eda, direcci\u00f3n y edici\u00f3n a trav\u00e9s de talleres por el Instituto Mexicano de Cinematograf\u00eda IMCINE, de la Muestra de Cine Coahuila, Diplomado en Producci\u00f3n para la Carpeta de EFICINE; Guion Cinematogr\u00e1fico por Panda Grosero Films, y con Besani Producciones el Taller \u201cC\u00f3mo hacer un casting para cine\u201d.<\/p>\n\n\n\n<p>Fue Galardonado en 2024 con la Presea Drag\u00f3n al M\u00e9rito Cultural de la Universidad Carolina por su participaci\u00f3n en m\u00e1s de 20 cortometrajes, comerciales, documentales y videoclips; fungi\u00f3 como Segundo Asistente de c\u00e1mara de la pel\u00edcula \u201cEl Desaire\u201d, fue ganador de la Convocatoria \u201cArte para Valorarte\u201d de la Secretar\u00eda de Salud de Coahuila y de la Comisi\u00f3n Nacional Fronteriza Coahuila-Estados Unidos.<\/p>\n\n\n\n<p>Para ello, escribi\u00f3 y dirigi\u00f3 el mediometraje \u201c\u00bfPor qu\u00e9 est\u00e1s aqu\u00ed?\u201d, que se proyecta en diversas ciudades de Coahuila y del pa\u00eds para la prevenci\u00f3n del suicidio para alumnos de secundaria, preparatoria y profesional; dirigi\u00f3 el documental \u201cCapeyuye\u201d sobre la m\u00fasica tradicional de la comunidad de los Negros Mascogos y obtuvo el Premio Estatal de Periodismo Cultural \u201cArmando Fuentes Aguirre\u201d de la Universidad Aut\u00f3noma de Coahuila en la categor\u00eda infantil.<\/p>\n\n\n\n<p>Es actor y miembro fundador del Club de Artes Esc\u00e9nicas de la UCA, ha cursado talleres de actuaci\u00f3n con los actores mexicanos Dar\u00edo Ripoll y Julio Bracho, y ha protagonizado diversas puestas en escena de teatro y protagonista en cortometrajes como \u201cAadi\u201d que ha sido seleccionados en diversos festivales de cine a nivel internacional.<\/p>\n","protected":false},"excerpt":{"rendered":"<p>SALTILLO, Coahuila. 6 de enero de 2025. A partir de este lunes 6 al viernes 10 de enero se abren las inscripciones para el Taller de Cortometraje que convoca la Universidad Aut\u00f3noma de Coahuila, que se impartir\u00e1 en el Recinto Universitario Aurora Morales de L\u00f3pez durante el semestre enero-junio de 2025. A trav\u00e9s de la [&hellip;]<\/p>\n","protected":false},"author":1,"featured_media":14478,"comment_status":"open","ping_status":"open","sticky":false,"template":"","format":"standard","meta":{"_monsterinsights_skip_tracking":false,"_monsterinsights_sitenote_active":false,"_monsterinsights_sitenote_note":"","_monsterinsights_sitenote_category":0,"footnotes":""},"categories":[1],"tags":[],"_links":{"self":[{"href":"https:\/\/zonalimitrofe-cbnr.com\/index.php\/wp-json\/wp\/v2\/posts\/14477"}],"collection":[{"href":"https:\/\/zonalimitrofe-cbnr.com\/index.php\/wp-json\/wp\/v2\/posts"}],"about":[{"href":"https:\/\/zonalimitrofe-cbnr.com\/index.php\/wp-json\/wp\/v2\/types\/post"}],"author":[{"embeddable":true,"href":"https:\/\/zonalimitrofe-cbnr.com\/index.php\/wp-json\/wp\/v2\/users\/1"}],"replies":[{"embeddable":true,"href":"https:\/\/zonalimitrofe-cbnr.com\/index.php\/wp-json\/wp\/v2\/comments?post=14477"}],"version-history":[{"count":1,"href":"https:\/\/zonalimitrofe-cbnr.com\/index.php\/wp-json\/wp\/v2\/posts\/14477\/revisions"}],"predecessor-version":[{"id":14479,"href":"https:\/\/zonalimitrofe-cbnr.com\/index.php\/wp-json\/wp\/v2\/posts\/14477\/revisions\/14479"}],"wp:featuredmedia":[{"embeddable":true,"href":"https:\/\/zonalimitrofe-cbnr.com\/index.php\/wp-json\/wp\/v2\/media\/14478"}],"wp:attachment":[{"href":"https:\/\/zonalimitrofe-cbnr.com\/index.php\/wp-json\/wp\/v2\/media?parent=14477"}],"wp:term":[{"taxonomy":"category","embeddable":true,"href":"https:\/\/zonalimitrofe-cbnr.com\/index.php\/wp-json\/wp\/v2\/categories?post=14477"},{"taxonomy":"post_tag","embeddable":true,"href":"https:\/\/zonalimitrofe-cbnr.com\/index.php\/wp-json\/wp\/v2\/tags?post=14477"}],"curies":[{"name":"wp","href":"https:\/\/api.w.org\/{rel}","templated":true}]}}