{"id":14459,"date":"2025-01-06T22:10:10","date_gmt":"2025-01-07T04:10:10","guid":{"rendered":"https:\/\/zonalimitrofe-cbnr.com\/?p=14459"},"modified":"2025-01-06T22:10:10","modified_gmt":"2025-01-07T04:10:10","slug":"torreon-roman-alberto-cepeda-gonzalez-toma-protesta-a-funcionarios-publicos-de-la-administracion-2025-2027","status":"publish","type":"post","link":"https:\/\/zonalimitrofe-cbnr.com\/index.php\/2025\/01\/06\/torreon-roman-alberto-cepeda-gonzalez-toma-protesta-a-funcionarios-publicos-de-la-administracion-2025-2027\/","title":{"rendered":"#Torre\u00f3n. Rom\u00e1n Alberto Cepeda Gonz\u00e1lez toma protesta a funcionarios p\u00fablicos de la Administraci\u00f3n 2025-2027"},"content":{"rendered":"\n<p>Torre\u00f3n, Coahuila. A 6 de enero de 2025<\/p>\n\n\n\n<p>Este lunes, el alcalde Rom\u00e1n Alberto Cepeda Gonz\u00e1lez entreg\u00f3 nombramientos y tom\u00f3 protesta a funcionarios p\u00fablicos que formar\u00e1n parte de la Administraci\u00f3n 2025-2027, a quienes reiter\u00f3 su confianza, y los exhort\u00f3 a asumir el compromiso con la responsabilidad que demanda Torre\u00f3n.<\/p>\n\n\n\n<p>En su mensaje, el Presidente Municipal dijo que en funci\u00f3n de las facultades que se le otorgan para dar estos nombramientos, los directores cuentan con su reconocimiento, apoyo y respaldo.<\/p>\n\n\n\n<p>\u201cHoy empieza una nueva etapa que iniciamos de manera jur\u00eddica el 1 de enero de 2025, y que ratificamos el d\u00eda 3 ante la ciudadan\u00eda. El compromiso adquirido va mucho m\u00e1s all\u00e1 que con el alcalde, lo dije en mi Toma de Protesta en el 2022, y lo ratifiqu\u00e9 el d\u00eda primero del 2025, y en la Toma de Protesta ciudadana del pasado viernes, mi confianza la tienen todos ustedes, pero a partir de hoy la confianza de la ciudadan\u00eda se la habr\u00e1n de ganar todos los d\u00edas\u201d, dijo.<\/p>\n\n\n\n<p>Cepeda Gonz\u00e1lez se\u00f1al\u00f3 que en las pr\u00f3ximas semanas se dar\u00e1n a conocer otros nombramientos, debido a que por ley tienen deben pasar por Cabildo, y agreg\u00f3 que los perfiles tendr\u00e1n el mismo compromiso de trabajar por Torre\u00f3n.<\/p>\n\n\n\n<p>\u201cComo Alcalde tengo una ruta y una meta clara, y s\u00e9 tambi\u00e9n con quien quiero transitarla, porque servir a la tierra donde uno nace es un privilegio, desde cualquier trinchera con la responsabilidad de asumir un cargo, dejen todo, porque por Torre\u00f3n vale la pena, hagan todo el esfuerzo, pongan toda su dedicaci\u00f3n, su compromiso, su responsabilidad, eficiencia y eficacia para dejar a Torre\u00f3n en los ojos de M\u00e9xico y el mundo\u201d, pidi\u00f3 el edil.<\/p>\n\n\n\n<p>Adem\u00e1s, el Presidente Municipal resalt\u00f3 que esta es una nueva etapa con una nueva visi\u00f3n de gobierno.<\/p>\n\n\n\n<p>\u201cEstamos parados en un punto de partida muy diferente al del a\u00f1o 2021, les pido a quienes estaban sirviendo desde otra trinchera, a quienes se sumaron en alg\u00fan momento de mi pasada Administraci\u00f3n a un tren que ya iba andando, que hoy hagan un alto en el camino y decidan la ruta que tienen que hacer para servir a Torre\u00f3n desde este nuevo punto de partida, porque los retos son diferentes en el 2025, y no podemos seguir haciendo lo mismo. Tenemos que hacer cosas diferentes para darle<\/p>\n\n\n\n<p>a Torre\u00f3n resultados diferentes y mejores, por eso hoy tienen la confianza, pero hoy tambi\u00e9n asumen la responsabilidad de responderle a Torre\u00f3n\u201d, manifest\u00f3.<\/p>\n\n\n\n<p>El Alcalde reiter\u00f3 a los funcionarios que cuentan con su aval, compromiso y respaldo, aunque les hizo saber, que su apoyo conlleva la presi\u00f3n de entregar resultados y cumplirle a Torre\u00f3n con trabajo, disposici\u00f3n y mayor compromiso.<\/p>\n\n\n\n<p>El Presidente Municipal entreg\u00f3 nombramientos a los siguientes funcionarios:<\/p>\n\n\n\n<p>Jos\u00e9 El\u00edas Ganem Guerrero, Secretario del Ayuntamiento; Fernando Ariel Mart\u00ednez Mendoza, Jefe de Gabinete; \u00d3scar Luj\u00e1n Fern\u00e1ndez, Tesorero Municipal; C\u00e9sar Antonio Perales Esparza, director de Seguridad P\u00fablica Municipal; Angelina Lydia Garc\u00eda Ruenes, jefa del despacho del alcalde; Jorge Alejandro Saucedo Alvarado, secretario particular.<\/p>\n\n\n\n<p>Adem\u00e1s, a Martha Esther Rodr\u00edguez Romero, presidenta del Tribunal de Justicia Municipal; Juan Adolfo Von Bertrab Saracho, director de Obras P\u00fablicas; Antonio Hern\u00e1ndez Gonz\u00e1lez, director general de Desarrollo Econ\u00f3mico; Gustavo Mu\u00f1oz L\u00f3pez, director de Ordenamiento Territorial y Urbanismo; H\u00e9ctor Iv\u00e1n Estrada Baca, director de Desarrollo Social; Luis Alberto Morales Cort\u00e9s, director general de Vialidad y Movilidad Urbana; Fernando Villarreal Cu\u00e9llar, director general de Servicios P\u00fablicos; Marcelo S\u00e1nchez Adame, director general de Medio Ambiente.<\/p>\n\n\n\n<p>As\u00ed como a Brenda Marcela Jim\u00e9nez Escamilla, directora de Egresos; Miguel \u00c1ngel Z\u00fa\u00f1iga Ch\u00e1vez, director de Servicios Administrativos; David Ortiz Contreras, director de Recursos Humanos; Eder Jes\u00fas Far\u00edas Zedillo, subsecretario de Asuntos Jur\u00eddicos; Arturo Novelo Gurza, director de Unidad de Catastro Municipal; Jorge Luis Ju\u00e1rez Llanas, director de Protecci\u00f3n Civil y Bomberos; Pablo Fern\u00e1ndez Llamas, director de Inspecci\u00f3n y Verificaci\u00f3n; Roberto Castrill\u00f3n Sirgo, director de Inform\u00e1tica ; Luis Alberto Mendoza Balderas, subsecretario del Ayuntamiento; Ra\u00fal Alejandro Garza del Valle, director de Atenci\u00f3n Ciudadana; y Yohan Uribe Jim\u00e9nez, director de Comunicaci\u00f3n Social e Imagen.<\/p>\n\n\n\n<p>El secretario del Ayuntamiento, Jos\u00e9 El\u00edas Ganem Guerrero, dijo que los perfiles seleccionados han sido evaluados con rigor y responsabilidad, por lo que los invit\u00f3 a asumir con responsabilidad el voto de confianza que les otorga el Presidente Municipal.<\/p>\n\n\n\n<p>En la Toma de Protesta estuvo presente tambi\u00e9n el primer regidor, Luis Jorge Cuerda Serna.<\/p>\n","protected":false},"excerpt":{"rendered":"<p>Torre\u00f3n, Coahuila. A 6 de enero de 2025 Este lunes, el alcalde Rom\u00e1n Alberto Cepeda Gonz\u00e1lez entreg\u00f3 nombramientos y tom\u00f3 protesta a funcionarios p\u00fablicos que formar\u00e1n parte de la Administraci\u00f3n 2025-2027, a quienes reiter\u00f3 su confianza, y los exhort\u00f3 a asumir el compromiso con la responsabilidad que demanda Torre\u00f3n. En su mensaje, el Presidente Municipal [&hellip;]<\/p>\n","protected":false},"author":1,"featured_media":14460,"comment_status":"open","ping_status":"open","sticky":false,"template":"","format":"standard","meta":{"_monsterinsights_skip_tracking":false,"_monsterinsights_sitenote_active":false,"_monsterinsights_sitenote_note":"","_monsterinsights_sitenote_category":0,"footnotes":""},"categories":[1],"tags":[],"_links":{"self":[{"href":"https:\/\/zonalimitrofe-cbnr.com\/index.php\/wp-json\/wp\/v2\/posts\/14459"}],"collection":[{"href":"https:\/\/zonalimitrofe-cbnr.com\/index.php\/wp-json\/wp\/v2\/posts"}],"about":[{"href":"https:\/\/zonalimitrofe-cbnr.com\/index.php\/wp-json\/wp\/v2\/types\/post"}],"author":[{"embeddable":true,"href":"https:\/\/zonalimitrofe-cbnr.com\/index.php\/wp-json\/wp\/v2\/users\/1"}],"replies":[{"embeddable":true,"href":"https:\/\/zonalimitrofe-cbnr.com\/index.php\/wp-json\/wp\/v2\/comments?post=14459"}],"version-history":[{"count":1,"href":"https:\/\/zonalimitrofe-cbnr.com\/index.php\/wp-json\/wp\/v2\/posts\/14459\/revisions"}],"predecessor-version":[{"id":14461,"href":"https:\/\/zonalimitrofe-cbnr.com\/index.php\/wp-json\/wp\/v2\/posts\/14459\/revisions\/14461"}],"wp:featuredmedia":[{"embeddable":true,"href":"https:\/\/zonalimitrofe-cbnr.com\/index.php\/wp-json\/wp\/v2\/media\/14460"}],"wp:attachment":[{"href":"https:\/\/zonalimitrofe-cbnr.com\/index.php\/wp-json\/wp\/v2\/media?parent=14459"}],"wp:term":[{"taxonomy":"category","embeddable":true,"href":"https:\/\/zonalimitrofe-cbnr.com\/index.php\/wp-json\/wp\/v2\/categories?post=14459"},{"taxonomy":"post_tag","embeddable":true,"href":"https:\/\/zonalimitrofe-cbnr.com\/index.php\/wp-json\/wp\/v2\/tags?post=14459"}],"curies":[{"name":"wp","href":"https:\/\/api.w.org\/{rel}","templated":true}]}}