{"id":14284,"date":"2024-12-30T17:14:23","date_gmt":"2024-12-30T23:14:23","guid":{"rendered":"https:\/\/zonalimitrofe-cbnr.com\/?p=14284"},"modified":"2024-12-30T17:14:24","modified_gmt":"2024-12-30T23:14:24","slug":"lerdo-el-primero-de-enero-habra-recoleccion-de-basura-en-primer-cuadro-de-la-ciudad","status":"publish","type":"post","link":"https:\/\/zonalimitrofe-cbnr.com\/index.php\/2024\/12\/30\/lerdo-el-primero-de-enero-habra-recoleccion-de-basura-en-primer-cuadro-de-la-ciudad\/","title":{"rendered":"#Lerdo. EL PRIMERO DE ENERO, HABR\u00c1 RECOLECCI\u00d3N DE BASURA EN PRIMER CUADRO DE LA CIUDAD*"},"content":{"rendered":"\n<p>Lerdo, 30 diciembre 2024.- El Gobierno Municipal de Lerdo, dio a conocer a trav\u00e9s de la Direcci\u00f3n de Servicios P\u00fablicos que el servicio de recolecci\u00f3n de basura se llevar\u00e1 a cabo, este pr\u00f3ximo mi\u00e9rcoles primero de enero \u00fanicamente en el primer cuadro de la ciudad, Villa Jard\u00edn y Las Cumbres.<\/p>\n\n\n\n<p>De acuerdo a la instrucci\u00f3n del Presidente Municipal Homero Mart\u00ednez Cabrera, las unidades se trasladar\u00e1n en estos sectores a recolecci\u00f3n eficiente de los residuos generados durante las festividades de inicio de a\u00f1o.<\/p>\n\n\n\n<p>As\u00ed mismo, se reanudar\u00e1n labores el d\u00eda jueves 02 de enero, para garantizar la continuidad del servicio. Pues de acuerdo a la direcci\u00f3n de Servicios P\u00fablicos, se espera una recolecci\u00f3n de aproximadamente 11 toneladas.<\/p>\n\n\n\n<p>Se hace un llamado a todos los ciudadanos para considerar lo anterior y almacenar sus residuos en sus domicilios durante estos d\u00edas festivos, a la espera del cami\u00f3n recolector.<\/p>\n\n\n\n<p>La Direcci\u00f3n de Servicios P\u00fablicos agradece la colaboraci\u00f3n de la comunidad y desea a todos un feliz a\u00f1o nuevo.<\/p>\n","protected":false},"excerpt":{"rendered":"<p>Lerdo, 30 diciembre 2024.- El Gobierno Municipal de Lerdo, dio a conocer a trav\u00e9s de la Direcci\u00f3n de Servicios P\u00fablicos que el servicio de recolecci\u00f3n de basura se llevar\u00e1 a cabo, este pr\u00f3ximo mi\u00e9rcoles primero de enero \u00fanicamente en el primer cuadro de la ciudad, Villa Jard\u00edn y Las Cumbres. De acuerdo a la instrucci\u00f3n [&hellip;]<\/p>\n","protected":false},"author":1,"featured_media":14285,"comment_status":"open","ping_status":"open","sticky":false,"template":"","format":"standard","meta":{"_monsterinsights_skip_tracking":false,"_monsterinsights_sitenote_active":false,"_monsterinsights_sitenote_note":"","_monsterinsights_sitenote_category":0,"footnotes":""},"categories":[1],"tags":[],"_links":{"self":[{"href":"https:\/\/zonalimitrofe-cbnr.com\/index.php\/wp-json\/wp\/v2\/posts\/14284"}],"collection":[{"href":"https:\/\/zonalimitrofe-cbnr.com\/index.php\/wp-json\/wp\/v2\/posts"}],"about":[{"href":"https:\/\/zonalimitrofe-cbnr.com\/index.php\/wp-json\/wp\/v2\/types\/post"}],"author":[{"embeddable":true,"href":"https:\/\/zonalimitrofe-cbnr.com\/index.php\/wp-json\/wp\/v2\/users\/1"}],"replies":[{"embeddable":true,"href":"https:\/\/zonalimitrofe-cbnr.com\/index.php\/wp-json\/wp\/v2\/comments?post=14284"}],"version-history":[{"count":1,"href":"https:\/\/zonalimitrofe-cbnr.com\/index.php\/wp-json\/wp\/v2\/posts\/14284\/revisions"}],"predecessor-version":[{"id":14286,"href":"https:\/\/zonalimitrofe-cbnr.com\/index.php\/wp-json\/wp\/v2\/posts\/14284\/revisions\/14286"}],"wp:featuredmedia":[{"embeddable":true,"href":"https:\/\/zonalimitrofe-cbnr.com\/index.php\/wp-json\/wp\/v2\/media\/14285"}],"wp:attachment":[{"href":"https:\/\/zonalimitrofe-cbnr.com\/index.php\/wp-json\/wp\/v2\/media?parent=14284"}],"wp:term":[{"taxonomy":"category","embeddable":true,"href":"https:\/\/zonalimitrofe-cbnr.com\/index.php\/wp-json\/wp\/v2\/categories?post=14284"},{"taxonomy":"post_tag","embeddable":true,"href":"https:\/\/zonalimitrofe-cbnr.com\/index.php\/wp-json\/wp\/v2\/tags?post=14284"}],"curies":[{"name":"wp","href":"https:\/\/api.w.org\/{rel}","templated":true}]}}