{"id":14268,"date":"2024-12-30T16:59:14","date_gmt":"2024-12-30T22:59:14","guid":{"rendered":"https:\/\/zonalimitrofe-cbnr.com\/?p=14268"},"modified":"2024-12-30T16:59:14","modified_gmt":"2024-12-30T22:59:14","slug":"durango-acertada-decision-del-estado-y-municipio-de-trasladar-nacimiento-a-feria-francisco-villa-srnma","status":"publish","type":"post","link":"https:\/\/zonalimitrofe-cbnr.com\/index.php\/2024\/12\/30\/durango-acertada-decision-del-estado-y-municipio-de-trasladar-nacimiento-a-feria-francisco-villa-srnma\/","title":{"rendered":"#Durango. Acertada decisi\u00f3n del Estado y Municipio de trasladar Nacimiento a Feria Francisco Villa: SRNMA*"},"content":{"rendered":"\n<ul>\n<li><em>Con esta peque\u00f1a acci\u00f3n se logra conservar el Parque Guadiana, pulm\u00f3n de la ciudad, hoy catalogado como \u00c1rea Natural Protegida.<\/em><\/li>\n\n\n\n<li><em>Adem\u00e1s el Nacimiento ha sido visitado por 121 mil 510 personas, que acuden a la Feria Navide\u00f1a en compa\u00f1\u00eda de sus familias y amigos.<\/em><\/li>\n<\/ul>\n\n\n\n<p>El Gobierno de Esteban Villegas Villarreal apuesta por la sustentabilidad al analizar c\u00f3mo contribuir al cuidado del medio ambiente y de nuestros recursos naturales, principalmente por la dif\u00edcil situaci\u00f3n en materia de cambio clim\u00e1tico a nivel global.<\/p>\n\n\n\n<p>Por esta raz\u00f3n, el Gobierno del Estado mantiene el compromiso de conservar y preservar nuestras \u00c1reas Naturales Protegidas, como los parques Guadiana, Sahuatoba y Centenario, las cuales representan el principal pulm\u00f3n de la ciudad capital.<\/p>\n\n\n\n<p>La secretaria de Recursos Naturales y Medio Ambiente del Gobierno del Estado, Claudia Hern\u00e1ndez Espino, destac\u00f3 en entrevista con los medios de comunicaci\u00f3n la acertada decisi\u00f3n de instalar el nacimiento en la Feria Navide\u00f1a en las instalaciones de la Feria Nacional Villista.<\/p>\n\n\n\n<p>Esta Feria Navide\u00f1a, realizada por el Gobierno del Estado que encabeza Esteban Villegas y su esposa Marisol Rosso, ha sido un rotundo \u00e9xito, debido a la importante afluencia de personas que han asistido en estas fechas, ya que tan solo la pista de hielo ha registrado m\u00e1s de 11 mil personas, mientras que el Nacimiento ha sido visitado por 121 mil 510 personas que acuden en compa\u00f1\u00eda de sus familias y amigos.<\/p>\n\n\n\n<p>La secretaria resalt\u00f3 que \u00e9sta es una de esas peque\u00f1as cosas con las que podemos contribuir para contrarrestar el fen\u00f3meno del cambio clim\u00e1tico, pero a su vez representa una de las grandes decisiones para favorecer al cuidado y mantenimiento de nuestros parques p\u00fablicos, al ser catalogada esta zona como \u00c1rea Natural Protegida (ANP).<\/p>\n\n\n\n<p>Hern\u00e1ndez Espino, mencion\u00f3 que, el Gobierno de Durango que encabeza Esteban Villegas y el Municipio de Durango tuvieron la acertada decisi\u00f3n de trasladar el nacimiento a la Feria Nacional Francisco Villa, para ser aprovechadas las instalaciones no s\u00f3lo en \u00e9poca de feria (julio y agosto), sino tambi\u00e9n en la temporada navide\u00f1a, abri\u00e9ndole las puertas a las y los duranguenses en las diferentes \u00e9pocas del a\u00f1o.<br>\u201cLa ANP de los parques p\u00fablicos debe conservarse y protegerse, sobre todo porque es el principal pulm\u00f3n de nuestra ciudad capital\u201d, reiter\u00f3 la funcionaria estatal.<\/p>\n\n\n\n<p>Cabe hacer menci\u00f3n, que recientemente, en este mes de diciembre, se culmin\u00f3 una serie de capacitaciones, donde se abordaron los temas: Sanidad vegetal; Reforestaci\u00f3n, podas y derribos; Plagas; Enfermedades; Identificaci\u00f3n de especies; as\u00ed como Suelo y Fauna.<br>Estas fueron impartidas por el personal del CIIDIR Durango, Jard\u00edn Etnobiol\u00f3gico del Estado de Durango, Facultad de Medicina y Veterinaria de la UJED, Asociaci\u00f3n de M\u00e9dicas Veterinarias, la Comisi\u00f3n Nacional de \u00c1reas Naturales Protegidas (CONANP) y personal de la Secretar\u00eda de Recursos Naturales y Medio Ambiente (SRNMA).<\/p>\n\n\n\n<p>De esta manera, Durango enfrenta una crisis que se vive a nivel mundial con el cambio clim\u00e1tico, con decisiones amigables con el medio ambiente y sustentables, que contribuyen en heredar un mejor futuro a las nuevas generaciones, cuidando las \u00e1reas naturales protegidas.<\/p>\n","protected":false},"excerpt":{"rendered":"<p>El Gobierno de Esteban Villegas Villarreal apuesta por la sustentabilidad al analizar c\u00f3mo contribuir al cuidado del medio ambiente y de nuestros recursos naturales, principalmente por la dif\u00edcil situaci\u00f3n en materia de cambio clim\u00e1tico a nivel global. Por esta raz\u00f3n, el Gobierno del Estado mantiene el compromiso de conservar y preservar nuestras \u00c1reas Naturales Protegidas, [&hellip;]<\/p>\n","protected":false},"author":1,"featured_media":14269,"comment_status":"open","ping_status":"open","sticky":false,"template":"","format":"standard","meta":{"_monsterinsights_skip_tracking":false,"_monsterinsights_sitenote_active":false,"_monsterinsights_sitenote_note":"","_monsterinsights_sitenote_category":0,"footnotes":""},"categories":[1],"tags":[],"_links":{"self":[{"href":"https:\/\/zonalimitrofe-cbnr.com\/index.php\/wp-json\/wp\/v2\/posts\/14268"}],"collection":[{"href":"https:\/\/zonalimitrofe-cbnr.com\/index.php\/wp-json\/wp\/v2\/posts"}],"about":[{"href":"https:\/\/zonalimitrofe-cbnr.com\/index.php\/wp-json\/wp\/v2\/types\/post"}],"author":[{"embeddable":true,"href":"https:\/\/zonalimitrofe-cbnr.com\/index.php\/wp-json\/wp\/v2\/users\/1"}],"replies":[{"embeddable":true,"href":"https:\/\/zonalimitrofe-cbnr.com\/index.php\/wp-json\/wp\/v2\/comments?post=14268"}],"version-history":[{"count":1,"href":"https:\/\/zonalimitrofe-cbnr.com\/index.php\/wp-json\/wp\/v2\/posts\/14268\/revisions"}],"predecessor-version":[{"id":14270,"href":"https:\/\/zonalimitrofe-cbnr.com\/index.php\/wp-json\/wp\/v2\/posts\/14268\/revisions\/14270"}],"wp:featuredmedia":[{"embeddable":true,"href":"https:\/\/zonalimitrofe-cbnr.com\/index.php\/wp-json\/wp\/v2\/media\/14269"}],"wp:attachment":[{"href":"https:\/\/zonalimitrofe-cbnr.com\/index.php\/wp-json\/wp\/v2\/media?parent=14268"}],"wp:term":[{"taxonomy":"category","embeddable":true,"href":"https:\/\/zonalimitrofe-cbnr.com\/index.php\/wp-json\/wp\/v2\/categories?post=14268"},{"taxonomy":"post_tag","embeddable":true,"href":"https:\/\/zonalimitrofe-cbnr.com\/index.php\/wp-json\/wp\/v2\/tags?post=14268"}],"curies":[{"name":"wp","href":"https:\/\/api.w.org\/{rel}","templated":true}]}}