{"id":14200,"date":"2024-12-27T15:59:49","date_gmt":"2024-12-27T21:59:49","guid":{"rendered":"https:\/\/zonalimitrofe-cbnr.com\/?p=14200"},"modified":"2024-12-27T15:59:49","modified_gmt":"2024-12-27T21:59:49","slug":"lerdo-es-prioridad-en-lerdo-atencion-a-la-discapacidad-e-inclusion","status":"publish","type":"post","link":"https:\/\/zonalimitrofe-cbnr.com\/index.php\/2024\/12\/27\/lerdo-es-prioridad-en-lerdo-atencion-a-la-discapacidad-e-inclusion\/","title":{"rendered":"#Lerdo. ES PRIORIDAD EN LERDO ATENCI\u00d3N A LA DISCAPACIDAD E INCLUSI\u00d3N*"},"content":{"rendered":"\n<p>Lerdo, 27 de diciembre 2024.- Durante este a\u00f1o, el Presidente Municipal Homero Mart\u00ednez Cabrera, a trav\u00e9s del Ayuntamiento de Lerdo hizo entrega de aparatos ortop\u00e9dicos y auditivos beneficiando a cientos de personas con discapacidad en el municipio y, con ello, a sus familias.<\/p>\n\n\n\n<p>Adem\u00e1s, a trav\u00e9s del Instituto Municipal para el Desarrollo y la Inclusi\u00f3n de Personas con Discapacidad, en la Unidad Administrativa de San Isidro se han recibido a m\u00e1s de un millar de ciudadanos y a la par, se han realizado 650 visitas domiciliarias para atenci\u00f3n de casos espec\u00edficos, atenciones y canalizaciones hacia el CRIT, el CREE y con especialistas para diagn\u00f3stico.<\/p>\n\n\n\n<p>De igual manera, con el prop\u00f3sito de promover la inclusi\u00f3n y dar a conocer a la poblaci\u00f3n sobre la importancia de respetar las zonas para discapacitados, ayudarles cuando as\u00ed lo requieran y conocer qu\u00e9 es el espectro autista, se realizaron m\u00e1s de un centenar de visitas a escuelas con pl\u00e1ticas y orientaciones. Y se dialog\u00f3 con los directivos de las mismas para inscribir a ni\u00f1os y j\u00f3venes autistas, garantizando as\u00ed el derecho a la educaci\u00f3n de m\u00e1s de medio centenar de personas con el Trastorno de Espectro Autista (TEA).<\/p>\n\n\n\n<p>En cuanto al desarrollo motriz e intelectual de las personas con discapacidad, se impartieron una serie de talleres de elaboraci\u00f3n de pi\u00f1atas y bisuter\u00eda durante este a\u00f1o, fomentando tambi\u00e9n la sana convivencia entre los participantes, y permitiendo que con estas nuevas habilidades aprendidas puedan generar una fuente de empleo propia, aportando en la econom\u00eda familiar.<\/p>\n\n\n\n<p>Cabe destacar que entre las acciones y actividades, tambi\u00e9n se puso en marcha la campa\u00f1a \u201cSi no lo usas, d\u00f3nalo\u201d, agradeciendo la participaci\u00f3n ciudadana de quienes contribuyeron con ropa, art\u00edculos de higiene y medicamentos, mismos que fueron entregados en dispensarios m\u00e9dicos, en distintas comunidades, iglesias y la Cl\u00ednica de Salud Municipal.<\/p>\n\n\n\n<p>El Instituto para las Personas con Discapacidad en el Municipio de Lerdo contin\u00faa atendiendo las directrices del Alcalde, el Dr. Homero Mart\u00ednez Cabrera, para priorizar las necesidades de este sector poblacional.<\/p>\n\n\n\n<p>La oficina de esta dependencia de gobierno se encuentra en la Unidad Administrativa de San Isidro (calle Ram\u00f3n Leyva, esquina con L\u00f3pez Ray\u00f3n y Galeana, col, San Isidro) y atiende en un horario de 9:00 a 14:00 horas por horario vacacional.<\/p>\n","protected":false},"excerpt":{"rendered":"<p>Lerdo, 27 de diciembre 2024.- Durante este a\u00f1o, el Presidente Municipal Homero Mart\u00ednez Cabrera, a trav\u00e9s del Ayuntamiento de Lerdo hizo entrega de aparatos ortop\u00e9dicos y auditivos beneficiando a cientos de personas con discapacidad en el municipio y, con ello, a sus familias. Adem\u00e1s, a trav\u00e9s del Instituto Municipal para el Desarrollo y la Inclusi\u00f3n [&hellip;]<\/p>\n","protected":false},"author":1,"featured_media":14201,"comment_status":"open","ping_status":"open","sticky":false,"template":"","format":"standard","meta":{"_monsterinsights_skip_tracking":false,"_monsterinsights_sitenote_active":false,"_monsterinsights_sitenote_note":"","_monsterinsights_sitenote_category":0,"footnotes":""},"categories":[1],"tags":[],"_links":{"self":[{"href":"https:\/\/zonalimitrofe-cbnr.com\/index.php\/wp-json\/wp\/v2\/posts\/14200"}],"collection":[{"href":"https:\/\/zonalimitrofe-cbnr.com\/index.php\/wp-json\/wp\/v2\/posts"}],"about":[{"href":"https:\/\/zonalimitrofe-cbnr.com\/index.php\/wp-json\/wp\/v2\/types\/post"}],"author":[{"embeddable":true,"href":"https:\/\/zonalimitrofe-cbnr.com\/index.php\/wp-json\/wp\/v2\/users\/1"}],"replies":[{"embeddable":true,"href":"https:\/\/zonalimitrofe-cbnr.com\/index.php\/wp-json\/wp\/v2\/comments?post=14200"}],"version-history":[{"count":1,"href":"https:\/\/zonalimitrofe-cbnr.com\/index.php\/wp-json\/wp\/v2\/posts\/14200\/revisions"}],"predecessor-version":[{"id":14202,"href":"https:\/\/zonalimitrofe-cbnr.com\/index.php\/wp-json\/wp\/v2\/posts\/14200\/revisions\/14202"}],"wp:featuredmedia":[{"embeddable":true,"href":"https:\/\/zonalimitrofe-cbnr.com\/index.php\/wp-json\/wp\/v2\/media\/14201"}],"wp:attachment":[{"href":"https:\/\/zonalimitrofe-cbnr.com\/index.php\/wp-json\/wp\/v2\/media?parent=14200"}],"wp:term":[{"taxonomy":"category","embeddable":true,"href":"https:\/\/zonalimitrofe-cbnr.com\/index.php\/wp-json\/wp\/v2\/categories?post=14200"},{"taxonomy":"post_tag","embeddable":true,"href":"https:\/\/zonalimitrofe-cbnr.com\/index.php\/wp-json\/wp\/v2\/tags?post=14200"}],"curies":[{"name":"wp","href":"https:\/\/api.w.org\/{rel}","templated":true}]}}