{"id":14190,"date":"2024-12-27T15:48:22","date_gmt":"2024-12-27T21:48:22","guid":{"rendered":"https:\/\/zonalimitrofe-cbnr.com\/?p=14190"},"modified":"2024-12-27T15:48:22","modified_gmt":"2024-12-27T21:48:22","slug":"durango-exhorta-gobierno-de-esteban-a-duranguenses-tomar-medidas-preventivas-ante-la-temporada-invernal","status":"publish","type":"post","link":"https:\/\/zonalimitrofe-cbnr.com\/index.php\/2024\/12\/27\/durango-exhorta-gobierno-de-esteban-a-duranguenses-tomar-medidas-preventivas-ante-la-temporada-invernal\/","title":{"rendered":"#Durango. Exhorta Gobierno de Esteban a duranguenses tomar medidas preventivas ante la temporada invernal*"},"content":{"rendered":"\n<ul>\n<li><em>Invita a vacunarse, a una correcta alimentaci\u00f3n y evitar la exposici\u00f3n de cambios bruscos de temperatura.<\/em><\/li>\n\n\n\n<li><em>Durante la temporada invernal que abarca de octubre a marzo, se agudizan enfermedades como la gripe, influenza, bronquitis, entre otras.<\/em><\/li>\n<\/ul>\n\n\n\n<p>Cuidar la salud de los duranguenses, es el objetivo del Gobierno del Estado de Durango que encabeza Esteban Villegas Villarreal, por ello se han emitido recomendaciones importantes a la ciudadan\u00eda para prevenir enfermedades derivadas de la temporada invernal que concluye hasta marzo pr\u00f3ximo, sobretodo, con una protecci\u00f3n a los sectores m\u00e1s vulnerables como ni\u00f1os, adultos mayores, mujeres embarazadas y personas con enfermedades cr\u00f3nicas.<\/p>\n\n\n\n<p>Al respecto, el director de Salud P\u00fablica de los Servicios de Salud del Estado de Durango, Alfonso Guti\u00e9rrez Rocha, coment\u00f3 que, la temporada invernal en el pa\u00eds, abarca de octubre a marzo de cada a\u00f1o, \u00e9poca en donde se presentan masas polares que transportan aire fr\u00edo, incremento de fuertes vientos, cielos nublados y precipitaciones, adem\u00e1s de cambios bruscos de temperatura que en algunas ocasiones descienden a cero grados o hasta los -15 grados cent\u00edgrados, dependiendo la zona.<\/p>\n\n\n\n<p>Ante tal situaci\u00f3n se presenta un incremento en los casos de enfermedades respiratorias como gripe, influenza, bronquitis, entre otras; es por ello que la atenci\u00f3n debe enfocarse a los ni\u00f1os de 6 meses a los 5 a\u00f1os de edad, as\u00ed como a personas mayores de 65 a\u00f1os, pacientes con enfermedades m\u00e9dicas cr\u00f3nicas y profesionales sanitarios.<\/p>\n\n\n\n<p>Guti\u00e9rrez Rocha emiti\u00f3 algunas recomendaciones, para protegerse del fr\u00edo y evitar as\u00ed afectaciones a la salud:<\/p>\n\n\n\n<ul>\n<li>Evita cambios bruscos de temperatura y corrientes de aire; si existe la necesidad de salir de un lugar caliente, cubrir boca y nariz.<\/li>\n\n\n\n<li>Abrigarse bien utilizando gorro, guantes y bufandas.<\/li>\n\n\n\n<li>Consumir gran variedad de frutas y verduras para mejorar las defensas del cuerpo principalmente aquellas que contengan vitamina C.<\/li>\n<\/ul>\n\n\n\n<p>La aplicaci\u00f3n de las vacunas es sumamente importante, principalmente la de la influenza, Covid-19 y neumococo en caso de los adultos mayores, al indicar que, en los Centros de Salud se cuenta actualmente con las dosis necesarias para atender a la poblaci\u00f3n.<\/p>\n\n\n\n<p>Record\u00f3 la importancia de evitar auto medicarse por parte de la ciudadan\u00eda, ya que, pueden existir complicaciones en la salud y a largo plazo, una resistencia a los medicamentos, complicando as\u00ed la manera de atender algunas otras enfermedades, principalmente las que conllevan la administraci\u00f3n de antibi\u00f3ticos; \u201csi presentan fiebre u otros s\u00edntomas gripales, acude de inmediato a tu m\u00e9dico, ellos son los \u00fanicos que sabr\u00e1n que medicamento recetar y garantizar su recuperaci\u00f3n\u201d expres\u00f3.<\/p>\n\n\n\n<p>Por \u00faltimo, Guti\u00e9rrez Rocha, exhort\u00f3 a nombre del Gobierno del Estado evitar el uso incorrecto de calentones de gas, anafres u otro tipo al interior de los hogares, ya que estos pueden provocar desde una quemadura leve, hasta una intoxicaci\u00f3n por mon\u00f3xido de carbono, por lo que reiter\u00f3 extremar precauciones con los menores de edad y los adultos mayores.<\/p>\n","protected":false},"excerpt":{"rendered":"<p>Cuidar la salud de los duranguenses, es el objetivo del Gobierno del Estado de Durango que encabeza Esteban Villegas Villarreal, por ello se han emitido recomendaciones importantes a la ciudadan\u00eda para prevenir enfermedades derivadas de la temporada invernal que concluye hasta marzo pr\u00f3ximo, sobretodo, con una protecci\u00f3n a los sectores m\u00e1s vulnerables como ni\u00f1os, adultos [&hellip;]<\/p>\n","protected":false},"author":1,"featured_media":14191,"comment_status":"open","ping_status":"open","sticky":false,"template":"","format":"standard","meta":{"_monsterinsights_skip_tracking":false,"_monsterinsights_sitenote_active":false,"_monsterinsights_sitenote_note":"","_monsterinsights_sitenote_category":0,"footnotes":""},"categories":[1],"tags":[],"_links":{"self":[{"href":"https:\/\/zonalimitrofe-cbnr.com\/index.php\/wp-json\/wp\/v2\/posts\/14190"}],"collection":[{"href":"https:\/\/zonalimitrofe-cbnr.com\/index.php\/wp-json\/wp\/v2\/posts"}],"about":[{"href":"https:\/\/zonalimitrofe-cbnr.com\/index.php\/wp-json\/wp\/v2\/types\/post"}],"author":[{"embeddable":true,"href":"https:\/\/zonalimitrofe-cbnr.com\/index.php\/wp-json\/wp\/v2\/users\/1"}],"replies":[{"embeddable":true,"href":"https:\/\/zonalimitrofe-cbnr.com\/index.php\/wp-json\/wp\/v2\/comments?post=14190"}],"version-history":[{"count":1,"href":"https:\/\/zonalimitrofe-cbnr.com\/index.php\/wp-json\/wp\/v2\/posts\/14190\/revisions"}],"predecessor-version":[{"id":14192,"href":"https:\/\/zonalimitrofe-cbnr.com\/index.php\/wp-json\/wp\/v2\/posts\/14190\/revisions\/14192"}],"wp:featuredmedia":[{"embeddable":true,"href":"https:\/\/zonalimitrofe-cbnr.com\/index.php\/wp-json\/wp\/v2\/media\/14191"}],"wp:attachment":[{"href":"https:\/\/zonalimitrofe-cbnr.com\/index.php\/wp-json\/wp\/v2\/media?parent=14190"}],"wp:term":[{"taxonomy":"category","embeddable":true,"href":"https:\/\/zonalimitrofe-cbnr.com\/index.php\/wp-json\/wp\/v2\/categories?post=14190"},{"taxonomy":"post_tag","embeddable":true,"href":"https:\/\/zonalimitrofe-cbnr.com\/index.php\/wp-json\/wp\/v2\/tags?post=14190"}],"curies":[{"name":"wp","href":"https:\/\/api.w.org\/{rel}","templated":true}]}}