{"id":14060,"date":"2024-12-22T16:14:06","date_gmt":"2024-12-22T22:14:06","guid":{"rendered":"https:\/\/zonalimitrofe-cbnr.com\/?p=14060"},"modified":"2024-12-22T16:14:07","modified_gmt":"2024-12-22T22:14:07","slug":"lerdo-este-lunes-inicia-periodo-vacacional-en-presidencia-de-lerdo","status":"publish","type":"post","link":"https:\/\/zonalimitrofe-cbnr.com\/index.php\/2024\/12\/22\/lerdo-este-lunes-inicia-periodo-vacacional-en-presidencia-de-lerdo\/","title":{"rendered":"#Lerdo. ESTE LUNES INICIA PERIODO VACACIONAL EN PRESIDENCIA DE LERDO*"},"content":{"rendered":"\n<p>Lerdo, 22 de diciembre 2024.- El Gobierno Municipal de Lerdo informa a la ciudadan\u00eda que a partir del lunes 23 de diciembre, la Presidencia Municipal mantendr\u00e1 sus puertas abiertas de 9:00 de la ma\u00f1ana a 2:00 de la tarde, por periodo vacacional.<\/p>\n\n\n\n<p>El personal administrativo del Ayuntamiento laborarar\u00e1 en calidad de guardias, del lunes 23 de diciembre del presente a\u00f1o al viernes 03 de enero del 2025, brindando un servicio de calidad a la poblaci\u00f3n.<\/p>\n\n\n\n<p>En cuanto a las \u00e1reas operativas, como Protecci\u00f3n Civil, Salud Municipal, Seguridad P\u00fablica, Tr\u00e1nsito y Vialidad, estas se mantendr\u00e1n atentas 24\/7 para salvaguardar la integridad de los lerdenses.<\/p>\n\n\n\n<p>Por su parte, la direcci\u00f3n de Servicios P\u00fablicos continuar\u00e1 con la limpieza de vialidades, espacios p\u00fablicos y la recolecci\u00f3n de basura.<\/p>\n\n\n\n<p>Se recuerda a la ciudadan\u00eda que la l\u00ednea telef\u00f3nica de emergencias es 911, y el n\u00famero de Bomberos es 87 17 25 32 52, exhortando a los habitantes hacer uso responsable de las l\u00edneas.<\/p>\n","protected":false},"excerpt":{"rendered":"<p>Lerdo, 22 de diciembre 2024.- El Gobierno Municipal de Lerdo informa a la ciudadan\u00eda que a partir del lunes 23 de diciembre, la Presidencia Municipal mantendr\u00e1 sus puertas abiertas de 9:00 de la ma\u00f1ana a 2:00 de la tarde, por periodo vacacional. El personal administrativo del Ayuntamiento laborarar\u00e1 en calidad de guardias, del lunes 23 [&hellip;]<\/p>\n","protected":false},"author":1,"featured_media":14061,"comment_status":"open","ping_status":"open","sticky":false,"template":"","format":"standard","meta":{"_monsterinsights_skip_tracking":false,"_monsterinsights_sitenote_active":false,"_monsterinsights_sitenote_note":"","_monsterinsights_sitenote_category":0,"footnotes":""},"categories":[1],"tags":[],"_links":{"self":[{"href":"https:\/\/zonalimitrofe-cbnr.com\/index.php\/wp-json\/wp\/v2\/posts\/14060"}],"collection":[{"href":"https:\/\/zonalimitrofe-cbnr.com\/index.php\/wp-json\/wp\/v2\/posts"}],"about":[{"href":"https:\/\/zonalimitrofe-cbnr.com\/index.php\/wp-json\/wp\/v2\/types\/post"}],"author":[{"embeddable":true,"href":"https:\/\/zonalimitrofe-cbnr.com\/index.php\/wp-json\/wp\/v2\/users\/1"}],"replies":[{"embeddable":true,"href":"https:\/\/zonalimitrofe-cbnr.com\/index.php\/wp-json\/wp\/v2\/comments?post=14060"}],"version-history":[{"count":1,"href":"https:\/\/zonalimitrofe-cbnr.com\/index.php\/wp-json\/wp\/v2\/posts\/14060\/revisions"}],"predecessor-version":[{"id":14062,"href":"https:\/\/zonalimitrofe-cbnr.com\/index.php\/wp-json\/wp\/v2\/posts\/14060\/revisions\/14062"}],"wp:featuredmedia":[{"embeddable":true,"href":"https:\/\/zonalimitrofe-cbnr.com\/index.php\/wp-json\/wp\/v2\/media\/14061"}],"wp:attachment":[{"href":"https:\/\/zonalimitrofe-cbnr.com\/index.php\/wp-json\/wp\/v2\/media?parent=14060"}],"wp:term":[{"taxonomy":"category","embeddable":true,"href":"https:\/\/zonalimitrofe-cbnr.com\/index.php\/wp-json\/wp\/v2\/categories?post=14060"},{"taxonomy":"post_tag","embeddable":true,"href":"https:\/\/zonalimitrofe-cbnr.com\/index.php\/wp-json\/wp\/v2\/tags?post=14060"}],"curies":[{"name":"wp","href":"https:\/\/api.w.org\/{rel}","templated":true}]}}