{"id":14015,"date":"2024-12-20T15:18:48","date_gmt":"2024-12-20T21:18:48","guid":{"rendered":"https:\/\/zonalimitrofe-cbnr.com\/?p=14015"},"modified":"2024-12-20T15:18:49","modified_gmt":"2024-12-20T21:18:49","slug":"gp-orquesta-dime-se-presentara-en-el-teatro-alberto-m-alvarado-durante-el-festival-como-la-laguna-ninguna","status":"publish","type":"post","link":"https:\/\/zonalimitrofe-cbnr.com\/index.php\/2024\/12\/20\/gp-orquesta-dime-se-presentara-en-el-teatro-alberto-m-alvarado-durante-el-festival-como-la-laguna-ninguna\/","title":{"rendered":"#GP. Orquesta DIME se presentar\u00e1 en el Teatro Alberto M. Alvarado Durante el Festival \u201cComo La Laguna Ninguna\u201d*"},"content":{"rendered":"\n<p>En el marco del Festival \u201cComo La Laguna Ninguna\u201d, organizado por el Gobierno del Estado de Durango en colaboraci\u00f3n con el Ayuntamiento de G\u00f3mez Palacio, desde el 16 al 21 de diciembre, se ha anunciado la participaci\u00f3n de la Orquesta DIME.<\/p>\n\n\n\n<p>Melisa Reuter P\u00e9rez, directora de Arte y Cultura, informa que la Orquesta DIME ofrecer\u00e1 un concierto gratuito el s\u00e1bado 21 de diciembre a las 7 de la tarde en el Teatro Alberto M. Alvarado, como parte de las actividades del festival, que se celebra por tercer a\u00f1o en la Regi\u00f3n Lagunera.<\/p>\n\n\n\n<p>La Orquesta DIME, una organizaci\u00f3n dedicada al desarrollo de ni\u00f1os y j\u00f3venes de comunidades vulnerables de la regi\u00f3n, ha tenido un impacto significativo a lo largo de 14 a\u00f1os, apoyando a m\u00e1s de 650 menores y formando una orquesta sinf\u00f3nica y cuatro m\u00e1s en proceso de formaci\u00f3n.<\/p>\n\n\n\n<p>La Presidenta Municipal, Leticia Herrera Ale, reafirma su compromiso con el fomento cultural, convencida de que el acceso a la cultura construye una sociedad m\u00e1s fuerte, mejorando la comunicaci\u00f3n y las relaciones interpersonales entre los ciudadanos.<\/p>\n\n\n\n<p>Reuter P\u00e9rez destaca que el ensamble que se presentar\u00e1 est\u00e1 integrado por los nueve j\u00f3venes m\u00e1s avanzados del sistema DIME (Desarrollo Integral del Menor), quienes han llevado la m\u00fasica de grandes compositores a diversos escenarios a nivel nacional, mostrando el talento y la capacidad de los j\u00f3venes m\u00fasicos de la regi\u00f3n.<\/p>\n","protected":false},"excerpt":{"rendered":"<p>En el marco del Festival \u201cComo La Laguna Ninguna\u201d, organizado por el Gobierno del Estado de Durango en colaboraci\u00f3n con el Ayuntamiento de G\u00f3mez Palacio, desde el 16 al 21 de diciembre, se ha anunciado la participaci\u00f3n de la Orquesta DIME. Melisa Reuter P\u00e9rez, directora de Arte y Cultura, informa que la Orquesta DIME ofrecer\u00e1 [&hellip;]<\/p>\n","protected":false},"author":1,"featured_media":14016,"comment_status":"open","ping_status":"open","sticky":false,"template":"","format":"standard","meta":{"_monsterinsights_skip_tracking":false,"_monsterinsights_sitenote_active":false,"_monsterinsights_sitenote_note":"","_monsterinsights_sitenote_category":0,"footnotes":""},"categories":[1],"tags":[],"_links":{"self":[{"href":"https:\/\/zonalimitrofe-cbnr.com\/index.php\/wp-json\/wp\/v2\/posts\/14015"}],"collection":[{"href":"https:\/\/zonalimitrofe-cbnr.com\/index.php\/wp-json\/wp\/v2\/posts"}],"about":[{"href":"https:\/\/zonalimitrofe-cbnr.com\/index.php\/wp-json\/wp\/v2\/types\/post"}],"author":[{"embeddable":true,"href":"https:\/\/zonalimitrofe-cbnr.com\/index.php\/wp-json\/wp\/v2\/users\/1"}],"replies":[{"embeddable":true,"href":"https:\/\/zonalimitrofe-cbnr.com\/index.php\/wp-json\/wp\/v2\/comments?post=14015"}],"version-history":[{"count":1,"href":"https:\/\/zonalimitrofe-cbnr.com\/index.php\/wp-json\/wp\/v2\/posts\/14015\/revisions"}],"predecessor-version":[{"id":14017,"href":"https:\/\/zonalimitrofe-cbnr.com\/index.php\/wp-json\/wp\/v2\/posts\/14015\/revisions\/14017"}],"wp:featuredmedia":[{"embeddable":true,"href":"https:\/\/zonalimitrofe-cbnr.com\/index.php\/wp-json\/wp\/v2\/media\/14016"}],"wp:attachment":[{"href":"https:\/\/zonalimitrofe-cbnr.com\/index.php\/wp-json\/wp\/v2\/media?parent=14015"}],"wp:term":[{"taxonomy":"category","embeddable":true,"href":"https:\/\/zonalimitrofe-cbnr.com\/index.php\/wp-json\/wp\/v2\/categories?post=14015"},{"taxonomy":"post_tag","embeddable":true,"href":"https:\/\/zonalimitrofe-cbnr.com\/index.php\/wp-json\/wp\/v2\/tags?post=14015"}],"curies":[{"name":"wp","href":"https:\/\/api.w.org\/{rel}","templated":true}]}}