{"id":13981,"date":"2024-12-19T19:35:04","date_gmt":"2024-12-20T01:35:04","guid":{"rendered":"https:\/\/zonalimitrofe-cbnr.com\/?p=13981"},"modified":"2024-12-19T19:35:05","modified_gmt":"2024-12-20T01:35:05","slug":"coahuila-nuestra-prioridad-es-proteger-a-nuestras-ninas-ninos-y-adolescentes-manolo","status":"publish","type":"post","link":"https:\/\/zonalimitrofe-cbnr.com\/index.php\/2024\/12\/19\/coahuila-nuestra-prioridad-es-proteger-a-nuestras-ninas-ninos-y-adolescentes-manolo\/","title":{"rendered":"#Coahuila. NUESTRA PRIORIDAD ES PROTEGER A NUESTRAS NI\u00d1AS, NI\u00d1OS Y ADOLESCENTES: MANOLO"},"content":{"rendered":"\n<p>\u00b7 Gobernador y su familia asisten a la Casa Cuna, Casa Rosa y Azul del DIF Coahuila<\/p>\n\n\n\n<p>Saltillo, Coahuila de Zaragoza; a 19 de diciembre de 2024.- El gobernador Manolo Jim\u00e9nez Salinas acompa\u00f1ado por su esposa, Paola Rodr\u00edguez L\u00f3pez, e hijos, adem\u00e1s de Liliana Salinas Vald\u00e9s, presidenta honoraria del DIF Coahuila, convivieron con ni\u00f1as, ni\u00f1os y adolescentes de la Casa Rosa, Casa Azul y Casa Cuna de Coahuila, en la tradicional posada navide\u00f1a.<\/p>\n\n\n\n<p>&#8220;Junto con mi familia, visitamos la casa cuna Rosa y Azul para llevar a cabo la tradicional posada con nuestras ni\u00f1as, ni\u00f1os y adolescentes. Disfrutamos de los bailables, convivimos, nos echamos unos ricos tamalitos y les entregamos sus regalos. Nos dio mucho gusto estar con ellos. Con un gran compromiso y responsabilidad los seguiremos cuidando y protegiendo'&#8221;, se\u00f1al\u00f3 el gobernador.<\/p>\n\n\n\n<p>Estuvieron presentes, adem\u00e1s, Alejandro Cepeda Vald\u00e9s, director general del DIF Coahuila; Ivonne Espinosa Torres, directora de Programas Sociales del DIF Coahuila.<\/p>\n\n\n\n<p>\u201cMe da mucho gusto volverlos a ver, compartir con ustedes este d\u00eda de nuestra posada porque ya se acerca la Navidad. Son \u00e9pocas de estar unidos, de estar cercanos y en verdad que nos da mucho estar hoy con ustedes\u201d, expres\u00f3 Manolo Jim\u00e9nez.<\/p>\n\n\n\n<p>A su llegada a la Casa de las Ni\u00f1as, Ni\u00f1os y Adolescentes de Coahuila, el Mandatario estatal realiz\u00f3 un recorrido de supervisi\u00f3n por la Casa Rosa, la cual est\u00e1 siendo remodelada en todas sus \u00e1reas para que sea un lugar m\u00e1s espacioso, m\u00e1s digno y confortable para las ni\u00f1as; a la vez, anunci\u00f3 que una vez que finalicen los trabajo en este sitio, se pondr\u00e1n en marcha los mismos trabajos de remodelaci\u00f3n de la Casa Azul, para los ni\u00f1os y adolescentes.<\/p>\n\n\n\n<p>\u201cDe igual manera, hemos remodelado los espacios educativos en esta Casa de las Ni\u00f1as, Ni\u00f1os y Adolescentes, como el jard\u00edn de ni\u00f1os y la primaria; y as\u00ed vamos estar remodelando de manera continua para que este lugar est\u00e9 m\u00e1s lindo\u201d, afirm\u00f3.<\/p>\n\n\n\n<p>Manolo Jim\u00e9nez agradeci\u00f3 y reconoci\u00f3 el trabajo de todo el gran equipo del DIF Coahuila y al equipo de la Casa de las Ni\u00f1as, Ni\u00f1os y Adolescentes de Coahuila, y a quienes forman parte de sus diversas \u00e1reas.<\/p>\n\n\n\n<p>\u201cUstedes las ni\u00f1as, los ni\u00f1os y adolescentes son un gran tesoro que tenemos como estado, y es una gran responsabilidad y deber para nosotros el que est\u00e9n bien cuidados, bien atendidos, que no les falte nada\u201d, se\u00f1al\u00f3.<\/p>\n\n\n\n<p>Jim\u00e9nez Salinas reiter\u00f3 su total respaldo a todo el equipo de este espacio, para continuar mejorando la atenci\u00f3n a estos ni\u00f1as, ni\u00f1os y adolescentes, y aprovech\u00f3 su visita para desearles una Feliz Navidad y que 2025 sea un gran a\u00f1o para todas y todos.<\/p>\n\n\n\n<p>La Casa de las Ni\u00f1as, Ni\u00f1os y Adolescentes de Coahuila, en sus tres secciones, tiene como objetivo principal brindar atenci\u00f3n a las necesidades f\u00edsicas y psico-educativas de los ni\u00f1os, ni\u00f1as y adolescentes de Coahuila, de 0 a 17 a\u00f1os 11 meses, que se encuentren en riesgo o en situaci\u00f3n extraordinaria, con la finalidad de favorecer sus capacidades y elevar su calidad de vida.<\/p>\n\n\n\n<p>Durante todo el a\u00f1o en las casas hogares se realizan diversas actividades educativas, deportivas, recreativas, culturales y de salud.<\/p>\n\n\n\n<p>Durante este 2024 se brind\u00f3 atenci\u00f3n en Casa Cuna a 58 ni\u00f1as y ni\u00f1os; en Casa Rosa, a 26 ni\u00f1as y adolescentes; y en Casa Azul, a 24 ni\u00f1os y adolescentes.<\/p>\n","protected":false},"excerpt":{"rendered":"<p>\u00b7 Gobernador y su familia asisten a la Casa Cuna, Casa Rosa y Azul del DIF Coahuila Saltillo, Coahuila de Zaragoza; a 19 de diciembre de 2024.- El gobernador Manolo Jim\u00e9nez Salinas acompa\u00f1ado por su esposa, Paola Rodr\u00edguez L\u00f3pez, e hijos, adem\u00e1s de Liliana Salinas Vald\u00e9s, presidenta honoraria del DIF Coahuila, convivieron con ni\u00f1as, ni\u00f1os [&hellip;]<\/p>\n","protected":false},"author":1,"featured_media":13982,"comment_status":"open","ping_status":"open","sticky":false,"template":"","format":"standard","meta":{"_monsterinsights_skip_tracking":false,"_monsterinsights_sitenote_active":false,"_monsterinsights_sitenote_note":"","_monsterinsights_sitenote_category":0,"footnotes":""},"categories":[1],"tags":[],"_links":{"self":[{"href":"https:\/\/zonalimitrofe-cbnr.com\/index.php\/wp-json\/wp\/v2\/posts\/13981"}],"collection":[{"href":"https:\/\/zonalimitrofe-cbnr.com\/index.php\/wp-json\/wp\/v2\/posts"}],"about":[{"href":"https:\/\/zonalimitrofe-cbnr.com\/index.php\/wp-json\/wp\/v2\/types\/post"}],"author":[{"embeddable":true,"href":"https:\/\/zonalimitrofe-cbnr.com\/index.php\/wp-json\/wp\/v2\/users\/1"}],"replies":[{"embeddable":true,"href":"https:\/\/zonalimitrofe-cbnr.com\/index.php\/wp-json\/wp\/v2\/comments?post=13981"}],"version-history":[{"count":1,"href":"https:\/\/zonalimitrofe-cbnr.com\/index.php\/wp-json\/wp\/v2\/posts\/13981\/revisions"}],"predecessor-version":[{"id":13983,"href":"https:\/\/zonalimitrofe-cbnr.com\/index.php\/wp-json\/wp\/v2\/posts\/13981\/revisions\/13983"}],"wp:featuredmedia":[{"embeddable":true,"href":"https:\/\/zonalimitrofe-cbnr.com\/index.php\/wp-json\/wp\/v2\/media\/13982"}],"wp:attachment":[{"href":"https:\/\/zonalimitrofe-cbnr.com\/index.php\/wp-json\/wp\/v2\/media?parent=13981"}],"wp:term":[{"taxonomy":"category","embeddable":true,"href":"https:\/\/zonalimitrofe-cbnr.com\/index.php\/wp-json\/wp\/v2\/categories?post=13981"},{"taxonomy":"post_tag","embeddable":true,"href":"https:\/\/zonalimitrofe-cbnr.com\/index.php\/wp-json\/wp\/v2\/tags?post=13981"}],"curies":[{"name":"wp","href":"https:\/\/api.w.org\/{rel}","templated":true}]}}