{"id":13951,"date":"2024-12-19T15:14:06","date_gmt":"2024-12-19T21:14:06","guid":{"rendered":"https:\/\/zonalimitrofe-cbnr.com\/?p=13951"},"modified":"2024-12-19T15:14:06","modified_gmt":"2024-12-19T21:14:06","slug":"durango-ya-casi-lista-rehabilitacion-bajo-los-puentes-gemelos-obra-registra-avance-del-95","status":"publish","type":"post","link":"https:\/\/zonalimitrofe-cbnr.com\/index.php\/2024\/12\/19\/durango-ya-casi-lista-rehabilitacion-bajo-los-puentes-gemelos-obra-registra-avance-del-95\/","title":{"rendered":"#Durango. Ya casi lista rehabilitaci\u00f3n bajo Los Puentes Gemelos; obra registra avance del 95%*"},"content":{"rendered":"\n<ul>\n<li><em>Gobernador Esteban Villegas rescata un \u00e1rea social y tur\u00edsticamente importante de la ciudad capital.<\/em><\/li>\n<\/ul>\n\n\n\n<p>El Gobierno del Estado de Durango que encabeza el gobernador Esteban Villegas Villarreal, a trav\u00e9s de la Secretar\u00eda de Comunicaciones y Obras P\u00fablicas (SECOPE), inform\u00f3 que las obras de modernizaci\u00f3n y rehabilitaci\u00f3n que se llevan a cabo bajo Los Puentes Gemelos, ubicados en el bulevar Armando del Castillo Franco, tienen un avance del 95 por ciento y muy pronto, los ciudadanos que habitan esta zona, contar\u00e1n con un lugar seguro, atractivo y funcional para la recreaci\u00f3n y la pr\u00e1ctica del deporte.<\/p>\n\n\n\n<p>\u201cEsta obra ha priorizado la seguridad de los peatones, con la implementaci\u00f3n de medidas que reducen el riesgo de accidentes, mientras que los nuevos espacios verdes y \u00e1reas de recreaci\u00f3n, contribuyen a mejorar la calidad de vida de los habitantes de esta ciudad. Sumado a esto, la pista de tart\u00e1n fomenta la pr\u00e1ctica de actividades f\u00edsicas y deportivas, promoviendo h\u00e1bitos saludables\u201d, destac\u00f3 Ana Rosa Hern\u00e1ndez Renter\u00eda, titular de SECOPE.<\/p>\n\n\n\n<p>La funcionaria estatal, resalt\u00f3 que la modernizaci\u00f3n y rehabilitaci\u00f3n de \u00e9ste espacio p\u00fablico contribuye al desarrollo urbano integral de la ciudad. \u201cEsta obra es parte de la visi\u00f3n integral del gobernador Esteban Villegas, quien tiene un profundo compromiso con los duranguenses, de cada municipio y regi\u00f3n de nuestra entidad, sobre todo en lo que respecta en el desarrollo y calidad de vida de las y los ciudadanos\u201d.<\/p>\n\n\n\n<p>Hern\u00e1ndez Renter\u00eda, detall\u00f3 que dentro de las principales mejoras se encuentra la segunda pista de tart\u00e1n p\u00fablica en Durango, la cual, son 400 metros lineales ideales para la pr\u00e1ctica de diversas disciplinas deportivas como la marcha, el trote, caminata o el running, por lo que, seguramente se convertir\u00e1 en un referente para los amantes del atletismo y el ejercicio al aire libre.<\/p>\n\n\n\n<p>Adem\u00e1s, se realizaron ajustes en la geometr\u00eda vial para mejorar la fluidez del tr\u00e1nsito vehicular, que garantizar\u00e1 una mayor seguridad para conductores y peatones.<\/p>\n\n\n\n<p>Tambi\u00e9n, se ampliaron las \u00e1reas verdes, se instalaron andadores, jardineras y bancas perimetrales de concreto, creando un ambiente agradable y propicio para el esparcimiento.<\/p>\n\n\n\n<p>Asimismo, se llev\u00f3 a cabo un proceso de rehabilitaci\u00f3n y aumento del sistema de arbolado existente, contribuyendo a la mejora de la calidad del aire y embelleciendo el entorno. Para su mantenimiento, se cuenta ahora con un sistema de riego autom\u00e1tico, que prioriza el ahorro del agua.<\/p>\n\n\n\n<p>Dentro de esta rehabilitaci\u00f3n y modernizaci\u00f3n, tambi\u00e9n se colocaron bolardos iluminados para mejorar la visibilidad nocturna y garantizar la seguridad de los usuarios en todo momento.<\/p>\n","protected":false},"excerpt":{"rendered":"<p>El Gobierno del Estado de Durango que encabeza el gobernador Esteban Villegas Villarreal, a trav\u00e9s de la Secretar\u00eda de Comunicaciones y Obras P\u00fablicas (SECOPE), inform\u00f3 que las obras de modernizaci\u00f3n y rehabilitaci\u00f3n que se llevan a cabo bajo Los Puentes Gemelos, ubicados en el bulevar Armando del Castillo Franco, tienen un avance del 95 por [&hellip;]<\/p>\n","protected":false},"author":1,"featured_media":13952,"comment_status":"open","ping_status":"open","sticky":false,"template":"","format":"standard","meta":{"_monsterinsights_skip_tracking":false,"_monsterinsights_sitenote_active":false,"_monsterinsights_sitenote_note":"","_monsterinsights_sitenote_category":0,"footnotes":""},"categories":[1],"tags":[],"_links":{"self":[{"href":"https:\/\/zonalimitrofe-cbnr.com\/index.php\/wp-json\/wp\/v2\/posts\/13951"}],"collection":[{"href":"https:\/\/zonalimitrofe-cbnr.com\/index.php\/wp-json\/wp\/v2\/posts"}],"about":[{"href":"https:\/\/zonalimitrofe-cbnr.com\/index.php\/wp-json\/wp\/v2\/types\/post"}],"author":[{"embeddable":true,"href":"https:\/\/zonalimitrofe-cbnr.com\/index.php\/wp-json\/wp\/v2\/users\/1"}],"replies":[{"embeddable":true,"href":"https:\/\/zonalimitrofe-cbnr.com\/index.php\/wp-json\/wp\/v2\/comments?post=13951"}],"version-history":[{"count":1,"href":"https:\/\/zonalimitrofe-cbnr.com\/index.php\/wp-json\/wp\/v2\/posts\/13951\/revisions"}],"predecessor-version":[{"id":13953,"href":"https:\/\/zonalimitrofe-cbnr.com\/index.php\/wp-json\/wp\/v2\/posts\/13951\/revisions\/13953"}],"wp:featuredmedia":[{"embeddable":true,"href":"https:\/\/zonalimitrofe-cbnr.com\/index.php\/wp-json\/wp\/v2\/media\/13952"}],"wp:attachment":[{"href":"https:\/\/zonalimitrofe-cbnr.com\/index.php\/wp-json\/wp\/v2\/media?parent=13951"}],"wp:term":[{"taxonomy":"category","embeddable":true,"href":"https:\/\/zonalimitrofe-cbnr.com\/index.php\/wp-json\/wp\/v2\/categories?post=13951"},{"taxonomy":"post_tag","embeddable":true,"href":"https:\/\/zonalimitrofe-cbnr.com\/index.php\/wp-json\/wp\/v2\/tags?post=13951"}],"curies":[{"name":"wp","href":"https:\/\/api.w.org\/{rel}","templated":true}]}}