{"id":13942,"date":"2024-12-18T17:15:01","date_gmt":"2024-12-18T23:15:01","guid":{"rendered":"https:\/\/zonalimitrofe-cbnr.com\/?p=13942"},"modified":"2024-12-18T17:15:02","modified_gmt":"2024-12-18T23:15:02","slug":"durango-reconoce-el-gobernador-esteban-a-duranguenses-que-crearon-el-himno-al-migrante-presentado-por-la-presidenta-sheinbaum","status":"publish","type":"post","link":"https:\/\/zonalimitrofe-cbnr.com\/index.php\/2024\/12\/18\/durango-reconoce-el-gobernador-esteban-a-duranguenses-que-crearon-el-himno-al-migrante-presentado-por-la-presidenta-sheinbaum\/","title":{"rendered":"#Durango. Reconoce el Gobernador Esteban a duranguenses que crearon el Himno al Migrante presentado por la Presidenta Sheinbaum*"},"content":{"rendered":"\n<p><\/p>\n\n\n\n<ul>\n<li><em>Se interpret\u00f3 en la Ma\u00f1anera del Pueblo en el D\u00eda Internacional de las y los Migrantes; tiene una dedicatoria especial de orgullo, amor y coraz\u00f3n para los connacionales.<\/em><\/li>\n\n\n\n<li><em>Se trata de una canci\u00f3n denominada \u201cLegado de Grandeza\u201d en la que participan los duranguenses Andrea N\u00fa\u00f1ez, Jos\u00e9 Guadalupe N\u00fa\u00f1ez, Jos\u00e9 Guadalupe L\u00f3pez y el productor Pepe Serrano.<\/em><\/li>\n<\/ul>\n\n\n\n<p>En el D\u00eda Internacional de las y los Migrantes, la Presidenta de M\u00e9xico, Claudia Sheinbaum Pardo, present\u00f3 como reconocimiento y regalo a los connacionales que viven en diversas partes del mundo, en especial en los Estados Unidos, el himno del migrante denominado \u201cLegado de Grandeza\u201d en el que participan duranguenses talentosos que formaron parte de este proyecto musical.<\/p>\n\n\n\n<p>El Gobernador Esteban Villegas Villarreal felicit\u00f3 a sus coterr\u00e1neos que con su talento, pasi\u00f3n y orgullo, ponen en alto a Durango, esto luego de presentar el video musical en la conferencia de prensa La Ma\u00f1anera del Pueblo ante los medios de comunicaci\u00f3n, adem\u00e1s de interpretar en vivo la pieza musical en Palacio Nacional.<\/p>\n\n\n\n<p>El himno Legado de Grandeza surge por una iniciativa que tuvo la Presidenta Claudia Sheinbaum para escribir una canci\u00f3n que fuera un homenaje para los migrantes con la colaboraci\u00f3n de la Escuela de la M\u00fasica Mexicana de Durango, a trav\u00e9s de dos egresados de esta instituci\u00f3n y la participaci\u00f3n de productores y compositores de todo el pa\u00eds, as\u00ed como de m\u00e9xico-americanos radicados en la Uni\u00f3n Americana.<\/p>\n\n\n\n<p>Se logr\u00f3 convocar a j\u00f3venes talentosos de ciudades como Tijuana, la Comarca Lagunera, Durango, Apodaca, Nuevo Le\u00f3n y Arkansas. Adem\u00e1s, se cont\u00f3 con la participaci\u00f3n especial del grupo Huichol Musical, nominado al Grammy Americano en el a\u00f1o 2008 gracias a su \u00e1lbum Cumbia Cusinela para el Mundo.<\/p>\n\n\n\n<p>Fue escrito por los autores Jessi Mart\u00ednez, Mauricio Ulloa, Erick Ulloa, Emilio Rodr\u00edguez, Brandon Ramos, Kevin Gallardo, Luis S\u00e1nchez Teo Mora y Carlos Carmona. Participan 18 cantautores y m\u00fasicos multiinstrumentistas. Aqu\u00ed destacan los duranguenses Andrea Berenice N\u00fa\u00f1ez Mu\u00f1oz, Jos\u00e9 Guadalupe N\u00fa\u00f1ez Romero (Chapo), Jos\u00e9 de Jes\u00fas L\u00f3pez Flores (Kano) y el productor Pepe Serrano.<\/p>\n\n\n\n<p>El colectivo est\u00e1 conformado por la agrupaci\u00f3n musical Los HH, integrada por m\u00fasicos de Durango, Estado de M\u00e9xico y Nuevo Le\u00f3n, as\u00ed como por Huichol Musical y ocho m\u00fasicos m\u00e1s que unieron su talento para lograr este resultado. A trav\u00e9s de su m\u00fasica, busca dar un mensaje de esperanza y motivaci\u00f3n a los connacionales para que puedan salir adelante y superar la adversidad con valent\u00eda.<\/p>\n\n\n\n<p>Cabe mencionar que la Presidenta Claudia Sheinbaum pidi\u00f3 a los paisanos apropiarse de este himno para que sientan el apoyo y el orgullo de poner a M\u00e9xico en alto, adem\u00e1s que sin duda esta pieza musical ser\u00e1 un Legado de Grandeza<\/p>\n","protected":false},"excerpt":{"rendered":"<p>En el D\u00eda Internacional de las y los Migrantes, la Presidenta de M\u00e9xico, Claudia Sheinbaum Pardo, present\u00f3 como reconocimiento y regalo a los connacionales que viven en diversas partes del mundo, en especial en los Estados Unidos, el himno del migrante denominado \u201cLegado de Grandeza\u201d en el que participan duranguenses talentosos que formaron parte de [&hellip;]<\/p>\n","protected":false},"author":1,"featured_media":13943,"comment_status":"open","ping_status":"open","sticky":false,"template":"","format":"standard","meta":{"_monsterinsights_skip_tracking":false,"_monsterinsights_sitenote_active":false,"_monsterinsights_sitenote_note":"","_monsterinsights_sitenote_category":0,"footnotes":""},"categories":[1],"tags":[],"_links":{"self":[{"href":"https:\/\/zonalimitrofe-cbnr.com\/index.php\/wp-json\/wp\/v2\/posts\/13942"}],"collection":[{"href":"https:\/\/zonalimitrofe-cbnr.com\/index.php\/wp-json\/wp\/v2\/posts"}],"about":[{"href":"https:\/\/zonalimitrofe-cbnr.com\/index.php\/wp-json\/wp\/v2\/types\/post"}],"author":[{"embeddable":true,"href":"https:\/\/zonalimitrofe-cbnr.com\/index.php\/wp-json\/wp\/v2\/users\/1"}],"replies":[{"embeddable":true,"href":"https:\/\/zonalimitrofe-cbnr.com\/index.php\/wp-json\/wp\/v2\/comments?post=13942"}],"version-history":[{"count":1,"href":"https:\/\/zonalimitrofe-cbnr.com\/index.php\/wp-json\/wp\/v2\/posts\/13942\/revisions"}],"predecessor-version":[{"id":13944,"href":"https:\/\/zonalimitrofe-cbnr.com\/index.php\/wp-json\/wp\/v2\/posts\/13942\/revisions\/13944"}],"wp:featuredmedia":[{"embeddable":true,"href":"https:\/\/zonalimitrofe-cbnr.com\/index.php\/wp-json\/wp\/v2\/media\/13943"}],"wp:attachment":[{"href":"https:\/\/zonalimitrofe-cbnr.com\/index.php\/wp-json\/wp\/v2\/media?parent=13942"}],"wp:term":[{"taxonomy":"category","embeddable":true,"href":"https:\/\/zonalimitrofe-cbnr.com\/index.php\/wp-json\/wp\/v2\/categories?post=13942"},{"taxonomy":"post_tag","embeddable":true,"href":"https:\/\/zonalimitrofe-cbnr.com\/index.php\/wp-json\/wp\/v2\/tags?post=13942"}],"curies":[{"name":"wp","href":"https:\/\/api.w.org\/{rel}","templated":true}]}}