{"id":13933,"date":"2024-12-18T17:08:09","date_gmt":"2024-12-18T23:08:09","guid":{"rendered":"https:\/\/zonalimitrofe-cbnr.com\/?p=13933"},"modified":"2024-12-18T17:08:09","modified_gmt":"2024-12-18T23:08:09","slug":"coahuila-llega-la-cultura-a-zonas-rurales-del-estado","status":"publish","type":"post","link":"https:\/\/zonalimitrofe-cbnr.com\/index.php\/2024\/12\/18\/coahuila-llega-la-cultura-a-zonas-rurales-del-estado\/","title":{"rendered":"#Coahuila. LLEGA LA CULTURA A ZONAS RURALES DEL ESTADO"},"content":{"rendered":"\n<ul>\n<li>Cierran actividades ni\u00f1as y ni\u00f1os del programa \u201cUn Viaje a la Luna\u201d, en La Pinta, Francisco I. Madero, Coahuila.<\/li>\n<\/ul>\n\n\n\n<p>Francisco I. Madero. Coahuila. 18 de diciembre del 2024.- Esther Quintana Salinas, Secretaria de Cultura de Coahuila, asisti\u00f3 al cierre de actividades realizadas por las y los ni\u00f1os del Ejido La Pinta, en el municipio de Francisco I. Madero, como parte del programa Un viaje a la luna, cuyo objetivo fue acercar a las infancias a las diversas disciplinas art\u00edsticas a trav\u00e9s de 5 colectivos multidisciplinarios que durante 3 meses se dieron a la tarea de impartir talleres a ni\u00f1as y ni\u00f1os de zonas rurales de menos de 10 mil habitantes de diversos municipios de Coahuila<\/p>\n\n\n\n<p>A lo largo de estos meses, los 5 colectivos trabajaron en los ejidos de El Diamante, San Antonio de las Alazanas y el Tunal, en Arteaga; en La Pinta, Francisco I. Madero, y General Cepeda, en donde a partir de estos talleres, nuestros viajeros y viajeras adquirieron nuevos conocimientos y desarrollaron sus habilidades a trav\u00e9s de las artes, logrando expresarse, reconocerse, identificarse y divertirse.<\/p>\n\n\n\n<p>Cada colectivo y sus integrantes realizaron diversos proyectos art\u00edsticos en las \u00e1reas de pintura, teatro, dibujo, escritura, lectura, danza, m\u00fasica y proyectos audiovisuales-<\/p>\n\n\n\n<p>En esta ocasi\u00f3n, el colectivo Dedos Cruzados, encabezados por la maestra Tere Rodr\u00edguez Simental, desarroll\u00f3 el taller \u201cExplorando el arte con mis sentidos\u201d mostr\u00e1ndonos una parte de lo que se realiz\u00f3 a trav\u00e9s de una exhibici\u00f3n de pintura, danza y m\u00fasica.<\/p>\n\n\n\n<p>La titular de cultura en el estado felicit\u00f3 a los integrantes de \u201cDedos Cruzados\u201d por el trabajo realizado junto a sus coordinadores de proyecto por el trabajo realizado con gran esfuerzo, dedicaci\u00f3n y empe\u00f1o.<\/p>\n\n\n\n<p>\u201cA trav\u00e9s de colectivos como el de ustedes, que se realizaron a partir de los proyectos que participaron en la convocatoria \u201cUn viaje a la luna\u201d, pudimos acercarlos, de una manera divertida, al arte y la cultura. Este acercamiento adem\u00e1s les permiti\u00f3 estrechar los lazos comunitarios entre sus familias, reflexionar sobre los temas de su inter\u00e9s y sobre todo divertirse much\u00edsimo\u201d<\/p>\n\n\n\n<p>As\u00ed mismo, agradeci\u00f3 a la maestra Tere Rodr\u00edguez Simental, que desarroll\u00f3 este taller llamado \u201cExplorando el arte con mis sentidos\u201d y felicit\u00f3 a los padres de familia \u201cque los han apoyado en este viaje en el que han descubierto que a trav\u00e9s del arte y la cultura podemos viajar y echar a volar la imaginaci\u00f3n\u201d dijo.<\/p>\n\n\n\n<p>\u201cEnhorabuena para todos y que est\u00e9 sea el inicio de su camino por el arte, seguramente entre ustedes podemos tener a grandes pintores, m\u00fasicos o bailarines.\u201d<\/p>\n\n\n\n<p>La funcionaria estatal tambi\u00e9n agradeci\u00f3 a los colectivos, a las y los artistas y a quienes coordinaron estas actividades por su esfuerzo y entusiasmo para acercar el arte, la cultura, y estrechar lazos comunitarios entre las familias coahuilenses<\/p>\n\n\n\n<p>Adem\u00e1s, inform\u00f3 que para el mes de enero pr\u00f3ximo se est\u00e1 preparando un encuentro con los 155 viajeros participantes en este proyecto, en el cual estar\u00e1n compartiendo sus experiencias y el resultado de su creatividad y su trabajo.<\/p>\n","protected":false},"excerpt":{"rendered":"<p>Francisco I. Madero. Coahuila. 18 de diciembre del 2024.- Esther Quintana Salinas, Secretaria de Cultura de Coahuila, asisti\u00f3 al cierre de actividades realizadas por las y los ni\u00f1os del Ejido La Pinta, en el municipio de Francisco I. Madero, como parte del programa Un viaje a la luna, cuyo objetivo fue acercar a las infancias [&hellip;]<\/p>\n","protected":false},"author":1,"featured_media":13934,"comment_status":"open","ping_status":"open","sticky":false,"template":"","format":"standard","meta":{"_monsterinsights_skip_tracking":false,"_monsterinsights_sitenote_active":false,"_monsterinsights_sitenote_note":"","_monsterinsights_sitenote_category":0,"footnotes":""},"categories":[1],"tags":[],"_links":{"self":[{"href":"https:\/\/zonalimitrofe-cbnr.com\/index.php\/wp-json\/wp\/v2\/posts\/13933"}],"collection":[{"href":"https:\/\/zonalimitrofe-cbnr.com\/index.php\/wp-json\/wp\/v2\/posts"}],"about":[{"href":"https:\/\/zonalimitrofe-cbnr.com\/index.php\/wp-json\/wp\/v2\/types\/post"}],"author":[{"embeddable":true,"href":"https:\/\/zonalimitrofe-cbnr.com\/index.php\/wp-json\/wp\/v2\/users\/1"}],"replies":[{"embeddable":true,"href":"https:\/\/zonalimitrofe-cbnr.com\/index.php\/wp-json\/wp\/v2\/comments?post=13933"}],"version-history":[{"count":1,"href":"https:\/\/zonalimitrofe-cbnr.com\/index.php\/wp-json\/wp\/v2\/posts\/13933\/revisions"}],"predecessor-version":[{"id":13935,"href":"https:\/\/zonalimitrofe-cbnr.com\/index.php\/wp-json\/wp\/v2\/posts\/13933\/revisions\/13935"}],"wp:featuredmedia":[{"embeddable":true,"href":"https:\/\/zonalimitrofe-cbnr.com\/index.php\/wp-json\/wp\/v2\/media\/13934"}],"wp:attachment":[{"href":"https:\/\/zonalimitrofe-cbnr.com\/index.php\/wp-json\/wp\/v2\/media?parent=13933"}],"wp:term":[{"taxonomy":"category","embeddable":true,"href":"https:\/\/zonalimitrofe-cbnr.com\/index.php\/wp-json\/wp\/v2\/categories?post=13933"},{"taxonomy":"post_tag","embeddable":true,"href":"https:\/\/zonalimitrofe-cbnr.com\/index.php\/wp-json\/wp\/v2\/tags?post=13933"}],"curies":[{"name":"wp","href":"https:\/\/api.w.org\/{rel}","templated":true}]}}