{"id":13925,"date":"2024-12-18T16:55:14","date_gmt":"2024-12-18T22:55:14","guid":{"rendered":"https:\/\/zonalimitrofe-cbnr.com\/?p=13925"},"modified":"2024-12-18T16:55:14","modified_gmt":"2024-12-18T22:55:14","slug":"lerdo-invitan-al-nacimiento-del-nino-dios","status":"publish","type":"post","link":"https:\/\/zonalimitrofe-cbnr.com\/index.php\/2024\/12\/18\/lerdo-invitan-al-nacimiento-del-nino-dios\/","title":{"rendered":"#LERDO, INVITAN AL NACIMIENTO DEL NI\u00d1O DIOS*"},"content":{"rendered":"\n<p>Lerdo, 18 de diciembre 2024.- El Gobierno Municipal de Lerdo, a trav\u00e9s de la Direcci\u00f3n de Arte y Cultura, dio a conocer que el pr\u00f3ximos viernes 20 de diciembre se desarrollar\u00e1 en el kiosco de la plaza principal el tradicional rosario del Nacimiento del Ni\u00f1o Dios, a las 10:00 de la ma\u00f1ana, por lo que se hace extensa la invitaci\u00f3n para quienes sean gustosos de acompa\u00f1ar al Alcalde Homero Mart\u00ednez y a su esposa la diputada Susy Torrecillas.<\/p>\n\n\n\n<p>A\u00f1o tras a\u00f1o se desarrolla este evento para dar la bienvenida a la \u00e9poca navide\u00f1a, recibir amor, alegr\u00edas, esperanza y la bendici\u00f3n del Ni\u00f1o Jes\u00fas, con un coraz\u00f3n agradecido, y es precisamente que el t\u00e9rmino \u2018navidad\u2019 proviene del lat\u00edn nativitas que significa \u2018nacimiento\u2019.<\/p>\n\n\n\n<p>El director de Arte y Cultura, H\u00e9ctor Escamilla \u00c1vila, celebr\u00f3 el compromiso del Presidente Municipal, el Dr. Homero Mart\u00ednez Cabrera por brindar a la ciudadan\u00eda una m\u00e1gica navidad, con el encendido del monumental pino de navidad de m\u00e1s de 16 metros, el iluminado del Paseo Sarabia y la plaza principal de Lerdo, as\u00ed como las villitas navide\u00f1as y el trineo de Santa Claus.<\/p>\n\n\n\n<p>Cabe destacar que ese mismo d\u00eda, pero por la tarde, concluyen las actividades en Lerdo del Festival Como La Laguna ninguna 2024, con el concierto de Cadereira y su cumbia, adem\u00e1s del grupo 3 Latino en Paseo Sarabia, en punto de las 17:00 de la tarde. Eventos completamente gratuitos para el disfrute de las familias lerdenses.<\/p>\n","protected":false},"excerpt":{"rendered":"<p>Lerdo, 18 de diciembre 2024.- El Gobierno Municipal de Lerdo, a trav\u00e9s de la Direcci\u00f3n de Arte y Cultura, dio a conocer que el pr\u00f3ximos viernes 20 de diciembre se desarrollar\u00e1 en el kiosco de la plaza principal el tradicional rosario del Nacimiento del Ni\u00f1o Dios, a las 10:00 de la ma\u00f1ana, por lo que [&hellip;]<\/p>\n","protected":false},"author":1,"featured_media":13926,"comment_status":"open","ping_status":"open","sticky":false,"template":"","format":"standard","meta":{"_monsterinsights_skip_tracking":false,"_monsterinsights_sitenote_active":false,"_monsterinsights_sitenote_note":"","_monsterinsights_sitenote_category":0,"footnotes":""},"categories":[1],"tags":[],"_links":{"self":[{"href":"https:\/\/zonalimitrofe-cbnr.com\/index.php\/wp-json\/wp\/v2\/posts\/13925"}],"collection":[{"href":"https:\/\/zonalimitrofe-cbnr.com\/index.php\/wp-json\/wp\/v2\/posts"}],"about":[{"href":"https:\/\/zonalimitrofe-cbnr.com\/index.php\/wp-json\/wp\/v2\/types\/post"}],"author":[{"embeddable":true,"href":"https:\/\/zonalimitrofe-cbnr.com\/index.php\/wp-json\/wp\/v2\/users\/1"}],"replies":[{"embeddable":true,"href":"https:\/\/zonalimitrofe-cbnr.com\/index.php\/wp-json\/wp\/v2\/comments?post=13925"}],"version-history":[{"count":1,"href":"https:\/\/zonalimitrofe-cbnr.com\/index.php\/wp-json\/wp\/v2\/posts\/13925\/revisions"}],"predecessor-version":[{"id":13927,"href":"https:\/\/zonalimitrofe-cbnr.com\/index.php\/wp-json\/wp\/v2\/posts\/13925\/revisions\/13927"}],"wp:featuredmedia":[{"embeddable":true,"href":"https:\/\/zonalimitrofe-cbnr.com\/index.php\/wp-json\/wp\/v2\/media\/13926"}],"wp:attachment":[{"href":"https:\/\/zonalimitrofe-cbnr.com\/index.php\/wp-json\/wp\/v2\/media?parent=13925"}],"wp:term":[{"taxonomy":"category","embeddable":true,"href":"https:\/\/zonalimitrofe-cbnr.com\/index.php\/wp-json\/wp\/v2\/categories?post=13925"},{"taxonomy":"post_tag","embeddable":true,"href":"https:\/\/zonalimitrofe-cbnr.com\/index.php\/wp-json\/wp\/v2\/tags?post=13925"}],"curies":[{"name":"wp","href":"https:\/\/api.w.org\/{rel}","templated":true}]}}