{"id":13916,"date":"2024-12-18T16:49:23","date_gmt":"2024-12-18T22:49:23","guid":{"rendered":"https:\/\/zonalimitrofe-cbnr.com\/?p=13916"},"modified":"2024-12-18T16:49:24","modified_gmt":"2024-12-18T22:49:24","slug":"uadec-certifica-el-consejo-mexicano-evaluador-de-enfermeria-a-docentes-de-la-facultad-de-enfermeria-de-la-uadec-unidad-laguna","status":"publish","type":"post","link":"https:\/\/zonalimitrofe-cbnr.com\/index.php\/2024\/12\/18\/uadec-certifica-el-consejo-mexicano-evaluador-de-enfermeria-a-docentes-de-la-facultad-de-enfermeria-de-la-uadec-unidad-laguna\/","title":{"rendered":"#UAdeC. Certifica el Consejo Mexicano Evaluador de Enfermer\u00eda a Docentes de la Facultad de Enfermer\u00eda de la UAdeC Unidad Laguna"},"content":{"rendered":"\n<p>TORRE\u00d3N, Coahuila. 18 de diciembre 2024. Con la responsabilidad de desarrollar y mantener el sistema de evaluaci\u00f3n y de calidad en sus integrantes, la Facultad de Enfermer\u00eda de la Universidad Aut\u00f3noma de Coahuila Unidad Laguna, llev\u00f3 a cabo la entrega de reconocimientos de certificaci\u00f3n y recertificaci\u00f3n a sus docentes por parte del Consejo Mexicano Evaluador de Enfermer\u00eda que promueve la excelencia y el cuidado en la Enfermer\u00eda.<\/p>\n\n\n\n<p>En la Sala de Usos M\u00faltiples de la Facultad, asistieron, el rector de la Universidad Aut\u00f3noma de Coahuila, Octavio Pimentel Mart\u00ednez, la coordinadora de la Unidad Laguna, Sandra L\u00f3pez Chavarr\u00eda, la directora de la Facultad de Enfermer\u00eda, Irma Andrade Valle, la presidenta del Consejo Mexicano de Certificaci\u00f3n de Enfermer\u00eda (COMCE), Maribel P\u00e9rez Mar\u00edn, la presidenta del Colegio de Enfermeras de la regi\u00f3n laguna, Gabriela Cervantes Guerrero, docentes y p\u00fablico en general.<\/p>\n\n\n\n<p>En su mensaje el rector Octavio Pimentel, expres\u00f3 el orgullo de estar presente en este evento tan importante para las y los docentes de la Facultad, ello habla de la calidad en la formaci\u00f3n del proceso ense\u00f1anza aprendizaje y en la continuidad de la capacitaci\u00f3n del cuerpo acad\u00e9mico en el trabajo por la salud y bienestar de la poblaci\u00f3n.<\/p>\n\n\n\n<p>Refrend\u00f3 su compromiso y apoyo para m\u00e1s logros de la comunidad universitaria, y un claro ejemplo es esta certificaci\u00f3n, que tambi\u00e9n es una muestra del empe\u00f1o, esfuerzo y compromiso de quienes forman parte de la Facultad de Enfermer\u00eda, y quienes a trav\u00e9s d de los organismos acreditadores y certificadores otorgan certidumbre a la sociedad.<\/p>\n\n\n\n<p>Por su parte, la directora de la Facultad de Enfermer\u00eda, Irma Andrade, agradeci\u00f3 el apoyo permanente del Rector, a la vez que felicit\u00f3 a sus colegas que este d\u00eda recibieron la certificaci\u00f3n de calidad, que implic\u00f3 un proceso de evaluaci\u00f3n de las actividades que realizaron frente a los grupos de trabajo, de gesti\u00f3n, administraci\u00f3n e investigaci\u00f3n.<\/p>\n\n\n\n<p>A\u00f1adi\u00f3 que la certificaci\u00f3n que reciben es un ejemplo que sin duda se transmitir\u00e1 a los estudiantes en sus aulas, adem\u00e1s en las y los egresados que como empleados y empleadores dar\u00e1n experiencia vida en la sociedad, diciendo que orgullosamente forman parte de la Facultad de Enfermer\u00eda de la Unidad Laguna de la Universidad Aut\u00f3noma de Coahuila.<\/p>\n\n\n\n<p>La presidenta del Colegio de Enfermeras de la regi\u00f3n laguna, Gabriela Cervantes Guerrero, se\u00f1al\u00f3 que la enfermer\u00eda debe proporcionar la calidad, la gesti\u00f3n y el cuidado debidamente, actividades que deben ser certificadas mediante est\u00e1ndares de calidad encaminadas a la eficiencia de habilidades para para poder respaldar su labor de manera<\/p>\n\n\n\n<p>integral, con el prop\u00f3sito de generar destrezas logrando conjugar dos de los elementos fundamentales de una profesi\u00f3n como son la vocaci\u00f3n y la competencia.<\/p>\n\n\n\n<p>Afirm\u00f3 que es de suma importancia mantener la calidad de la pr\u00e1ctica de la profesi\u00f3n a trav\u00e9s de la certificaci\u00f3n de profesionales de establecimientos, prestadores de servicios de salud y universidades formadoras de nuevas generaciones, mediante el instrumento de la certificaci\u00f3n para mejorar la calidad en la salud, favorecer la superaci\u00f3n y actualizaci\u00f3n continua en el cuidado de enfermer\u00eda<\/p>\n\n\n\n<p>Quienes recibieron su documento como licenciados certificantes fueron: Pedro Iv\u00e1n Contreras Soto y Nancy Rodr\u00edguez V\u00e1zquez Nancy, a las licenciadas Alma Guillermina Orozco Camacho y Adilene Salazar Luna, les fue otorgada una constancia ya que a\u00fan se encuentran en tr\u00e1mite por corresponder al proceso de noviembre de 2024.<\/p>\n\n\n\n<p>Como docentes recertificantes: Adriana Mayela C\u00e1rdenas Cortes, Daniel Hermelinda Guzm\u00e1n, Francisco Javier L\u00f3pez Rinc\u00f3n, Roxana Mart\u00ednez Cervantes, Alejandro Morales Jinez, Luz Elena Rodr\u00edguez Mej\u00eda, como licenciadas recertificantes: Leyla Aguilera T\u00e9llez, Ma. Gabriela Cervantes Guerrero, Cynthia Haydee Corona Soto, Blanca Estela Hern\u00e1ndez Vargas, Gabriela Mireles Mart\u00ednez.<\/p>\n\n\n\n<p>De Igual manera como licenciadas recertificantes: Sonia Guadalupe Paz Navarro, Alma Rosa Quiroz Guerra, Laura del Carmen Soto Sosa, Yolanda Ivonne Trujillo Le\u00f3n, Mar\u00eda del Refugio Valerio Candela; recertificantes de nivel t\u00e9cnico: Mar\u00eda de los \u00c1ngeles Saucedo Arguijo.<\/p>\n\n\n\n<p>Tambi\u00e9n fueron entregados reconocimientos a quienes obtuvieron una calificaci\u00f3n de Excelencia: Leyla Aguilera T\u00e9llez, Adriana Mayela C\u00e1rdenas Cortes, Ma. Gabriela Cervantes Guerrero, Pedro Iv\u00e1n Contreras Soto, Cynthia Haydee Corona Soto, Daniel Hermelinda Guzm\u00e1n, Francisco Javier L\u00f3pez Rinc\u00f3n, Roxana Mart\u00ednez Cervantes, Alejandro Morales Jim\u00e9nez, Sonia Guadalupe Paz Navarro, Alma Rosa Quiroz Guerra, Luz Elena Rodr\u00edguez Mej\u00eda, Yolanda Ivonne Trujillo Le\u00f3n y Mar\u00eda del Refugio Valerio Candela.<\/p>\n","protected":false},"excerpt":{"rendered":"<p>TORRE\u00d3N, Coahuila. 18 de diciembre 2024. Con la responsabilidad de desarrollar y mantener el sistema de evaluaci\u00f3n y de calidad en sus integrantes, la Facultad de Enfermer\u00eda de la Universidad Aut\u00f3noma de Coahuila Unidad Laguna, llev\u00f3 a cabo la entrega de reconocimientos de certificaci\u00f3n y recertificaci\u00f3n a sus docentes por parte del Consejo Mexicano Evaluador [&hellip;]<\/p>\n","protected":false},"author":1,"featured_media":13917,"comment_status":"open","ping_status":"open","sticky":false,"template":"","format":"standard","meta":{"_monsterinsights_skip_tracking":false,"_monsterinsights_sitenote_active":false,"_monsterinsights_sitenote_note":"","_monsterinsights_sitenote_category":0,"footnotes":""},"categories":[1],"tags":[],"_links":{"self":[{"href":"https:\/\/zonalimitrofe-cbnr.com\/index.php\/wp-json\/wp\/v2\/posts\/13916"}],"collection":[{"href":"https:\/\/zonalimitrofe-cbnr.com\/index.php\/wp-json\/wp\/v2\/posts"}],"about":[{"href":"https:\/\/zonalimitrofe-cbnr.com\/index.php\/wp-json\/wp\/v2\/types\/post"}],"author":[{"embeddable":true,"href":"https:\/\/zonalimitrofe-cbnr.com\/index.php\/wp-json\/wp\/v2\/users\/1"}],"replies":[{"embeddable":true,"href":"https:\/\/zonalimitrofe-cbnr.com\/index.php\/wp-json\/wp\/v2\/comments?post=13916"}],"version-history":[{"count":1,"href":"https:\/\/zonalimitrofe-cbnr.com\/index.php\/wp-json\/wp\/v2\/posts\/13916\/revisions"}],"predecessor-version":[{"id":13918,"href":"https:\/\/zonalimitrofe-cbnr.com\/index.php\/wp-json\/wp\/v2\/posts\/13916\/revisions\/13918"}],"wp:featuredmedia":[{"embeddable":true,"href":"https:\/\/zonalimitrofe-cbnr.com\/index.php\/wp-json\/wp\/v2\/media\/13917"}],"wp:attachment":[{"href":"https:\/\/zonalimitrofe-cbnr.com\/index.php\/wp-json\/wp\/v2\/media?parent=13916"}],"wp:term":[{"taxonomy":"category","embeddable":true,"href":"https:\/\/zonalimitrofe-cbnr.com\/index.php\/wp-json\/wp\/v2\/categories?post=13916"},{"taxonomy":"post_tag","embeddable":true,"href":"https:\/\/zonalimitrofe-cbnr.com\/index.php\/wp-json\/wp\/v2\/tags?post=13916"}],"curies":[{"name":"wp","href":"https:\/\/api.w.org\/{rel}","templated":true}]}}