{"id":13910,"date":"2024-12-18T16:42:13","date_gmt":"2024-12-18T22:42:13","guid":{"rendered":"https:\/\/zonalimitrofe-cbnr.com\/?p=13910"},"modified":"2024-12-18T16:42:13","modified_gmt":"2024-12-18T22:42:13","slug":"lerdo-rescatan-a-dos-porcinos-de-una-fosa-septica-en-lerdo","status":"publish","type":"post","link":"https:\/\/zonalimitrofe-cbnr.com\/index.php\/2024\/12\/18\/lerdo-rescatan-a-dos-porcinos-de-una-fosa-septica-en-lerdo\/","title":{"rendered":"#Lerdo. RESCATAN A DOS PORCINOS DE UNA FOSA S\u00c9PTICA EN LERDO*"},"content":{"rendered":"\n<p>Lerdo, 18 de diciembre 2024.- La Coordinaci\u00f3n de Protecci\u00f3n Civil y Bomberos de Lerdo realiz\u00f3 el rescate exitoso de dos porcinos, que hab\u00edan ca\u00eddo en una fosa s\u00e9ptica de aproximadamente 15 metros de profundidad, en la comunidad de El Huarache.<\/p>\n\n\n\n<p>La coordinadora Isabel Mac\u00edas Sifuentes destac\u00f3 que este tipo de acciones reflejan el compromiso humanista de los elementos de protecci\u00f3n civil y bomberos, quienes respondieron al llamado ciudadano con prontitud. Seg\u00fan informes, los animales lograron salir de su trochil, quedando atrapados en la fosa.<\/p>\n\n\n\n<p>Gracias a las maniobras adecuadas realizadas por el equipo de rescate, ambos porcinos fueron salvados ilesos. Este tipo de pr\u00e1cticas de salvamento se llevan a cabo gracias a las capacitaciones y talleres que a lo largo del a\u00f1o el Presidente Municipal, Homero Mart\u00ednez Cabrera, ha facilitado a los elementos.<\/p>\n\n\n\n<p>Adicionalmente, Mac\u00edas Sifuentes exhort\u00f3 a la poblaci\u00f3n a extremar precauciones durante la temporada navide\u00f1a. Recomend\u00f3 mantener una vigilancia constante sobre los ni\u00f1os, evitar el uso de pirotecnia y prevenir accidentes dom\u00e9sticos relacionados con cortocircuitos en luces decorativas y \u00e1rboles de Navidad.<\/p>\n\n\n\n<p>Este llamado busca garantizar la seguridad de las familias y prevenir emergencias en el periodo vacacional que est\u00e1 pronto a iniciar.<\/p>\n","protected":false},"excerpt":{"rendered":"<p>Lerdo, 18 de diciembre 2024.- La Coordinaci\u00f3n de Protecci\u00f3n Civil y Bomberos de Lerdo realiz\u00f3 el rescate exitoso de dos porcinos, que hab\u00edan ca\u00eddo en una fosa s\u00e9ptica de aproximadamente 15 metros de profundidad, en la comunidad de El Huarache. La coordinadora Isabel Mac\u00edas Sifuentes destac\u00f3 que este tipo de acciones reflejan el compromiso humanista [&hellip;]<\/p>\n","protected":false},"author":1,"featured_media":13911,"comment_status":"open","ping_status":"open","sticky":false,"template":"","format":"standard","meta":{"_monsterinsights_skip_tracking":false,"_monsterinsights_sitenote_active":false,"_monsterinsights_sitenote_note":"","_monsterinsights_sitenote_category":0,"footnotes":""},"categories":[1],"tags":[],"_links":{"self":[{"href":"https:\/\/zonalimitrofe-cbnr.com\/index.php\/wp-json\/wp\/v2\/posts\/13910"}],"collection":[{"href":"https:\/\/zonalimitrofe-cbnr.com\/index.php\/wp-json\/wp\/v2\/posts"}],"about":[{"href":"https:\/\/zonalimitrofe-cbnr.com\/index.php\/wp-json\/wp\/v2\/types\/post"}],"author":[{"embeddable":true,"href":"https:\/\/zonalimitrofe-cbnr.com\/index.php\/wp-json\/wp\/v2\/users\/1"}],"replies":[{"embeddable":true,"href":"https:\/\/zonalimitrofe-cbnr.com\/index.php\/wp-json\/wp\/v2\/comments?post=13910"}],"version-history":[{"count":1,"href":"https:\/\/zonalimitrofe-cbnr.com\/index.php\/wp-json\/wp\/v2\/posts\/13910\/revisions"}],"predecessor-version":[{"id":13912,"href":"https:\/\/zonalimitrofe-cbnr.com\/index.php\/wp-json\/wp\/v2\/posts\/13910\/revisions\/13912"}],"wp:featuredmedia":[{"embeddable":true,"href":"https:\/\/zonalimitrofe-cbnr.com\/index.php\/wp-json\/wp\/v2\/media\/13911"}],"wp:attachment":[{"href":"https:\/\/zonalimitrofe-cbnr.com\/index.php\/wp-json\/wp\/v2\/media?parent=13910"}],"wp:term":[{"taxonomy":"category","embeddable":true,"href":"https:\/\/zonalimitrofe-cbnr.com\/index.php\/wp-json\/wp\/v2\/categories?post=13910"},{"taxonomy":"post_tag","embeddable":true,"href":"https:\/\/zonalimitrofe-cbnr.com\/index.php\/wp-json\/wp\/v2\/tags?post=13910"}],"curies":[{"name":"wp","href":"https:\/\/api.w.org\/{rel}","templated":true}]}}