{"id":13907,"date":"2024-12-18T16:40:11","date_gmt":"2024-12-18T22:40:11","guid":{"rendered":"https:\/\/zonalimitrofe-cbnr.com\/?p=13907"},"modified":"2024-12-18T16:40:11","modified_gmt":"2024-12-18T22:40:11","slug":"gp-exhorta-dif-a-denunciar-la-omision-de-cuidados-de-ninos-y-adolescentes-gomezpalatinos","status":"publish","type":"post","link":"https:\/\/zonalimitrofe-cbnr.com\/index.php\/2024\/12\/18\/gp-exhorta-dif-a-denunciar-la-omision-de-cuidados-de-ninos-y-adolescentes-gomezpalatinos\/","title":{"rendered":"#GP. Exhorta DIF a denunciar la omisi\u00f3n de cuidados de ni\u00f1os y adolescentes gomezpalatinos*"},"content":{"rendered":"\n<p>El Ayuntamiento de G\u00f3mez Palacio, a trav\u00e9s del Sistema para el Desarrollo Integral de la Familia (DIF), insta a la poblaci\u00f3n a denunciar cualquier caso de omisi\u00f3n de cuidados a ni\u00f1os y adolescentes. Este llamado busca asegurar que todos los menores reciban el cuidado adecuado dentro de sus hogares.<\/p>\n\n\n\n<p>Brenda Calder\u00f3n Carrete, directora del DIF, recalca que la omisi\u00f3n de cuidados es considerada un delito. Esto incluye no proporcionar alimento b\u00e1sico, dejar a los menores sin atenci\u00f3n m\u00e9dica oportuna, falta de higiene personal, o dejarlos solos sin la supervisi\u00f3n de un adulto, aunque sea por breves momentos.<\/p>\n\n\n\n<p>Esta problem\u00e1tica tiende a incrementarse durante los periodos vacacionales, cuando los padres deben acudir a sus trabajos y los menores quedan solos por largos periodos.<\/p>\n\n\n\n<p>El DIF municipal gestiona diariamente casos de omisi\u00f3n de cuidados, generalmente relacionados con la desatenci\u00f3n parental. Es vital que la comunidad reporte cualquier situaci\u00f3n conocida para que el personal del DIF pueda intervenir adecuadamente.<\/p>\n\n\n\n<p>La Presidenta Municipal, Leticia Herrera Ale, ha hecho de la protecci\u00f3n de los menores una prioridad en su administraci\u00f3n, instruyendo al DIF para que responda eficazmente a estos reportes.<\/p>\n\n\n\n<p>Calder\u00f3n Carrete subraya la importancia de denunciar estos casos y agradece a quienes han reportado situaciones de omisi\u00f3n, ya sea de familiares o vecinos. Remarca que las denuncias pueden ser an\u00f3nimas o realizarse directamente a trav\u00e9s de las redes sociales o la Procuradur\u00eda de Ni\u00f1os, Ni\u00f1as y Adolescentes del DIF, en los n\u00fameros 871 714 21 27 y 871 714 92 86.<\/p>\n\n\n\n<p>La directora pide a la ciudadan\u00eda asegurarse de que las denuncias sean ver\u00eddicas para facilitar la protecci\u00f3n inmediata y la restituci\u00f3n de los derechos de los menores afectados, as\u00ed como de adultos mayores si fuera necesario. Una vez recibida la queja, el DIF lleva a cabo las investigaciones necesarias para determinar la existencia de omisi\u00f3n de cuidados o maltrato.<\/p>\n","protected":false},"excerpt":{"rendered":"<p>El Ayuntamiento de G\u00f3mez Palacio, a trav\u00e9s del Sistema para el Desarrollo Integral de la Familia (DIF), insta a la poblaci\u00f3n a denunciar cualquier caso de omisi\u00f3n de cuidados a ni\u00f1os y adolescentes. Este llamado busca asegurar que todos los menores reciban el cuidado adecuado dentro de sus hogares. Brenda Calder\u00f3n Carrete, directora del DIF, [&hellip;]<\/p>\n","protected":false},"author":1,"featured_media":13908,"comment_status":"open","ping_status":"open","sticky":false,"template":"","format":"standard","meta":{"_monsterinsights_skip_tracking":false,"_monsterinsights_sitenote_active":false,"_monsterinsights_sitenote_note":"","_monsterinsights_sitenote_category":0,"footnotes":""},"categories":[1],"tags":[],"_links":{"self":[{"href":"https:\/\/zonalimitrofe-cbnr.com\/index.php\/wp-json\/wp\/v2\/posts\/13907"}],"collection":[{"href":"https:\/\/zonalimitrofe-cbnr.com\/index.php\/wp-json\/wp\/v2\/posts"}],"about":[{"href":"https:\/\/zonalimitrofe-cbnr.com\/index.php\/wp-json\/wp\/v2\/types\/post"}],"author":[{"embeddable":true,"href":"https:\/\/zonalimitrofe-cbnr.com\/index.php\/wp-json\/wp\/v2\/users\/1"}],"replies":[{"embeddable":true,"href":"https:\/\/zonalimitrofe-cbnr.com\/index.php\/wp-json\/wp\/v2\/comments?post=13907"}],"version-history":[{"count":1,"href":"https:\/\/zonalimitrofe-cbnr.com\/index.php\/wp-json\/wp\/v2\/posts\/13907\/revisions"}],"predecessor-version":[{"id":13909,"href":"https:\/\/zonalimitrofe-cbnr.com\/index.php\/wp-json\/wp\/v2\/posts\/13907\/revisions\/13909"}],"wp:featuredmedia":[{"embeddable":true,"href":"https:\/\/zonalimitrofe-cbnr.com\/index.php\/wp-json\/wp\/v2\/media\/13908"}],"wp:attachment":[{"href":"https:\/\/zonalimitrofe-cbnr.com\/index.php\/wp-json\/wp\/v2\/media?parent=13907"}],"wp:term":[{"taxonomy":"category","embeddable":true,"href":"https:\/\/zonalimitrofe-cbnr.com\/index.php\/wp-json\/wp\/v2\/categories?post=13907"},{"taxonomy":"post_tag","embeddable":true,"href":"https:\/\/zonalimitrofe-cbnr.com\/index.php\/wp-json\/wp\/v2\/tags?post=13907"}],"curies":[{"name":"wp","href":"https:\/\/api.w.org\/{rel}","templated":true}]}}