{"id":13862,"date":"2024-12-16T15:03:48","date_gmt":"2024-12-16T21:03:48","guid":{"rendered":"https:\/\/zonalimitrofe-cbnr.com\/?p=13862"},"modified":"2024-12-16T15:03:48","modified_gmt":"2024-12-16T21:03:48","slug":"gp-exito-en-la-gala-navidena-del-centro-cultural-francisco-zarco-en-gomez-palacio","status":"publish","type":"post","link":"https:\/\/zonalimitrofe-cbnr.com\/index.php\/2024\/12\/16\/gp-exito-en-la-gala-navidena-del-centro-cultural-francisco-zarco-en-gomez-palacio\/","title":{"rendered":"#GP. \u00c9xito en la \u201cGala Navide\u00f1a\u201d del Centro Cultural Francisco Zarco en G\u00f3mez Palacio*"},"content":{"rendered":"\n<p>El Centro Cultural Francisco Zarco fue escenario de la colorida y alegre \u201cGala Navide\u00f1a\u201d, donde los alumnos de diversos talleres art\u00edsticos demostraron lo aprendido durante el a\u00f1o.<\/p>\n\n\n\n<p>Este evento, organizado por el Ayuntamiento de G\u00f3mez Palacio a trav\u00e9s de la Direcci\u00f3n de Arte y Cultura, celebr\u00f3 las festividades navide\u00f1as y el talento local.<\/p>\n\n\n\n<p>Melissa Reuter P\u00e9rez, directora de Arte y Cultura, explic\u00f3 que este evento marc\u00f3 el cierre de cursos antes del periodo vacacional. Los alumnos de la Banda Escuela Alberto M. Alvarado, el Coro de Ni\u00f1os Cantores, Steps Studio (Danza) y Primera Llamada, Semillero Creativo de Arte Circense, deleitaron al p\u00fablico con sus habilidades mejoradas, mostrando los avances significativos en su desarrollo art\u00edstico.<\/p>\n\n\n\n<p>La gala destac\u00f3 por su esp\u00edritu festivo y por su car\u00e1cter ben\u00e9fico, ya que la entrada al evento consisti\u00f3 en la donaci\u00f3n de un juguete no b\u00e9lico. Estos juguetes ser\u00e1n entregados posteriormente a ni\u00f1os y ni\u00f1as de comunidades rurales, reforzando el compromiso social de los participantes.<\/p>\n\n\n\n<p>\u201cLa Presidenta Municipal, Leticia Herrera Ale, tiene un compromiso permanente con el fomento cultural y el desarrollo art\u00edstico, de los talentos gomezpalatinos, en especial entre ni\u00f1as y ni\u00f1os, por ello nos ha instruido para apoyar en todo momento a que sigan impuls\u00e1ndose las inquietudes culturales de la poblaci\u00f3n\u201d, se\u00f1al\u00f3 la funcionaria.<\/p>\n\n\n\n<p>Reuter P\u00e9rez tambi\u00e9n anunci\u00f3 que despu\u00e9s del periodo vacacional, los talleres reanudar\u00e1n sus clases y estar\u00e1n abiertos a nuevos ingresos. Invit\u00f3 a los interesados a obtener m\u00e1s informaci\u00f3n a trav\u00e9s del perfil de Facebook: Direcci\u00f3n de Arte y Cultura de G\u00f3mez Palacio, o visitando personalmente el Centro de Convenciones Francisco Zarco, de lunes a viernes de 8:00 a 16:00 horas.<\/p>\n","protected":false},"excerpt":{"rendered":"<p>El Centro Cultural Francisco Zarco fue escenario de la colorida y alegre \u201cGala Navide\u00f1a\u201d, donde los alumnos de diversos talleres art\u00edsticos demostraron lo aprendido durante el a\u00f1o. Este evento, organizado por el Ayuntamiento de G\u00f3mez Palacio a trav\u00e9s de la Direcci\u00f3n de Arte y Cultura, celebr\u00f3 las festividades navide\u00f1as y el talento local. Melissa Reuter [&hellip;]<\/p>\n","protected":false},"author":1,"featured_media":13863,"comment_status":"open","ping_status":"open","sticky":false,"template":"","format":"standard","meta":{"_monsterinsights_skip_tracking":false,"_monsterinsights_sitenote_active":false,"_monsterinsights_sitenote_note":"","_monsterinsights_sitenote_category":0,"footnotes":""},"categories":[1],"tags":[],"_links":{"self":[{"href":"https:\/\/zonalimitrofe-cbnr.com\/index.php\/wp-json\/wp\/v2\/posts\/13862"}],"collection":[{"href":"https:\/\/zonalimitrofe-cbnr.com\/index.php\/wp-json\/wp\/v2\/posts"}],"about":[{"href":"https:\/\/zonalimitrofe-cbnr.com\/index.php\/wp-json\/wp\/v2\/types\/post"}],"author":[{"embeddable":true,"href":"https:\/\/zonalimitrofe-cbnr.com\/index.php\/wp-json\/wp\/v2\/users\/1"}],"replies":[{"embeddable":true,"href":"https:\/\/zonalimitrofe-cbnr.com\/index.php\/wp-json\/wp\/v2\/comments?post=13862"}],"version-history":[{"count":1,"href":"https:\/\/zonalimitrofe-cbnr.com\/index.php\/wp-json\/wp\/v2\/posts\/13862\/revisions"}],"predecessor-version":[{"id":13864,"href":"https:\/\/zonalimitrofe-cbnr.com\/index.php\/wp-json\/wp\/v2\/posts\/13862\/revisions\/13864"}],"wp:featuredmedia":[{"embeddable":true,"href":"https:\/\/zonalimitrofe-cbnr.com\/index.php\/wp-json\/wp\/v2\/media\/13863"}],"wp:attachment":[{"href":"https:\/\/zonalimitrofe-cbnr.com\/index.php\/wp-json\/wp\/v2\/media?parent=13862"}],"wp:term":[{"taxonomy":"category","embeddable":true,"href":"https:\/\/zonalimitrofe-cbnr.com\/index.php\/wp-json\/wp\/v2\/categories?post=13862"},{"taxonomy":"post_tag","embeddable":true,"href":"https:\/\/zonalimitrofe-cbnr.com\/index.php\/wp-json\/wp\/v2\/tags?post=13862"}],"curies":[{"name":"wp","href":"https:\/\/api.w.org\/{rel}","templated":true}]}}