{"id":13802,"date":"2024-12-14T13:32:11","date_gmt":"2024-12-14T19:32:11","guid":{"rendered":"https:\/\/zonalimitrofe-cbnr.com\/?p=13802"},"modified":"2024-12-14T13:32:11","modified_gmt":"2024-12-14T19:32:11","slug":"clubsantos-estamos-trabajando-muy-bien-y-con-mucha-intensidad-acevedo","status":"publish","type":"post","link":"https:\/\/zonalimitrofe-cbnr.com\/index.php\/2024\/12\/14\/clubsantos-estamos-trabajando-muy-bien-y-con-mucha-intensidad-acevedo\/","title":{"rendered":"#ClubSantos. \u201cESTAMOS TRABAJANDO MUY BIEN Y CON MUCHA INTENSIDAD\u201d: ACEVEDO"},"content":{"rendered":"\n<p>\u00b7 Los Guerreros tendr\u00e1n su \u00faltima sesi\u00f3n de entrenamiento en la Riviera Maya esta tarde, en punto de las 17:00 horas (local).<\/p>\n\n\n\n<p>\u00b7 En lo que ser\u00e1 su primer encuentro de pretemporada, Santos Laguna enfrentar\u00e1 el d\u00eda de ma\u00f1ana a Canc\u00fan FC, de la Liga de Expansi\u00f3n MX, a las 9:00 horas en el Estadio Andr\u00e9s Quintana Roo.<\/p>\n\n\n\n<p>Playa del Carmen, Quintana Roo, a 13 de diciembre de 2024.- Santos Laguna lleg\u00f3 a la recta final de su etapa de trabajo en la Riviera Maya. Los dirigidos por Fernando \u201cTano\u201d Ortiz trabajar\u00e1n este viernes en sesi\u00f3n vespertina, mientras que ma\u00f1ana enfrentar\u00e1n su primer encuentro de preparaci\u00f3n, culminando as\u00ed su estancia en el Caribe Mexicano.<\/p>\n\n\n\n<p>El cancerbero santista Carlos Acevedo realiz\u00f3 un balance sobre lo hecho por los Guerreros al momento en la pretemporada:<\/p>\n\n\n\n<p>\u201cUn balance muy positivo. La realidad es que estamos trabajando muy fuerte con un Cuerpo T\u00e9cnico nuevo, bajo un gran liderazgo como el del Profesor Fernando Ortiz. Estamos trabajando muy bien y con mucha intensidad; estoy seguro que este trabajo y esfuerzo nos va a dar muchos frutos\u201d.<\/p>\n\n\n\n<p>\u201cEl Tano\u201d y su CT<\/p>\n\n\n\n<p>\u201cEs gente que conoce al Club de la mejor forma y que port\u00f3 la playera Guerrera. Son personas que se identifican mucho con la instituci\u00f3n, la afici\u00f3n y todo lo que representa a Santos Laguna. Muy emocionado porque son personas que conoc\u00ed tambi\u00e9n como aficionado, estamos con muchas ganas de salir adelante y tener un gran torneo\u201d.<\/p>\n\n\n\n<p>Adaptaci\u00f3n de D\u00e1jome y Abella<\/p>\n\n\n\n<p>\u201cSabemos lo que representa Cristian D\u00e1jome como jugador, un volante fuerte y potente al que enfrentamos en la Leagues Cup, viene a sumar y a aportar en el ataque. En el caso de Javier Abella, es una persona de casa, le viene muy bien al grupo y a la exigencia; tiene una capacidad muy grande de sacar lo mejor de cada uno\u201d.<\/p>\n\n\n\n<p>Partido vs. Canc\u00fan FC<\/p>\n\n\n\n<p>\u201cEl f\u00edsico est\u00e1 un poco tocado por el tema de la pretemporada, pero lo importante es buscar la idea de juego del Profesor Ortiz. En estos d\u00edas empezaremos a ver videos para tener m\u00e1s claro su estilo de juego, pero siempre con la responsabilidad de tener un buen partido, de disfrutar y empezar de nuevo. Sin duda vendr\u00e1n buenos tiempos y momentos positivos\u201d.<\/p>\n","protected":false},"excerpt":{"rendered":"<p>\u00b7 Los Guerreros tendr\u00e1n su \u00faltima sesi\u00f3n de entrenamiento en la Riviera Maya esta tarde, en punto de las 17:00 horas (local). \u00b7 En lo que ser\u00e1 su primer encuentro de pretemporada, Santos Laguna enfrentar\u00e1 el d\u00eda de ma\u00f1ana a Canc\u00fan FC, de la Liga de Expansi\u00f3n MX, a las 9:00 horas en el Estadio [&hellip;]<\/p>\n","protected":false},"author":1,"featured_media":13803,"comment_status":"open","ping_status":"open","sticky":false,"template":"","format":"standard","meta":{"_monsterinsights_skip_tracking":false,"_monsterinsights_sitenote_active":false,"_monsterinsights_sitenote_note":"","_monsterinsights_sitenote_category":0,"footnotes":""},"categories":[1],"tags":[],"_links":{"self":[{"href":"https:\/\/zonalimitrofe-cbnr.com\/index.php\/wp-json\/wp\/v2\/posts\/13802"}],"collection":[{"href":"https:\/\/zonalimitrofe-cbnr.com\/index.php\/wp-json\/wp\/v2\/posts"}],"about":[{"href":"https:\/\/zonalimitrofe-cbnr.com\/index.php\/wp-json\/wp\/v2\/types\/post"}],"author":[{"embeddable":true,"href":"https:\/\/zonalimitrofe-cbnr.com\/index.php\/wp-json\/wp\/v2\/users\/1"}],"replies":[{"embeddable":true,"href":"https:\/\/zonalimitrofe-cbnr.com\/index.php\/wp-json\/wp\/v2\/comments?post=13802"}],"version-history":[{"count":1,"href":"https:\/\/zonalimitrofe-cbnr.com\/index.php\/wp-json\/wp\/v2\/posts\/13802\/revisions"}],"predecessor-version":[{"id":13804,"href":"https:\/\/zonalimitrofe-cbnr.com\/index.php\/wp-json\/wp\/v2\/posts\/13802\/revisions\/13804"}],"wp:featuredmedia":[{"embeddable":true,"href":"https:\/\/zonalimitrofe-cbnr.com\/index.php\/wp-json\/wp\/v2\/media\/13803"}],"wp:attachment":[{"href":"https:\/\/zonalimitrofe-cbnr.com\/index.php\/wp-json\/wp\/v2\/media?parent=13802"}],"wp:term":[{"taxonomy":"category","embeddable":true,"href":"https:\/\/zonalimitrofe-cbnr.com\/index.php\/wp-json\/wp\/v2\/categories?post=13802"},{"taxonomy":"post_tag","embeddable":true,"href":"https:\/\/zonalimitrofe-cbnr.com\/index.php\/wp-json\/wp\/v2\/tags?post=13802"}],"curies":[{"name":"wp","href":"https:\/\/api.w.org\/{rel}","templated":true}]}}