{"id":13775,"date":"2024-12-14T13:02:49","date_gmt":"2024-12-14T19:02:49","guid":{"rendered":"https:\/\/zonalimitrofe-cbnr.com\/?p=13775"},"modified":"2024-12-14T13:02:50","modified_gmt":"2024-12-14T19:02:50","slug":"lerdo-imm-conmemora-el-dia-internacional-de-los-derechos-humanos-con-platicas-en-lerdo","status":"publish","type":"post","link":"https:\/\/zonalimitrofe-cbnr.com\/index.php\/2024\/12\/14\/lerdo-imm-conmemora-el-dia-internacional-de-los-derechos-humanos-con-platicas-en-lerdo\/","title":{"rendered":"#Lerdo. IMM CONMEMORA EL D\u00cdA INTERNACIONAL DE LOS DERECHOS HUMANOS CON PL\u00c1TICAS EN LERDO*"},"content":{"rendered":"\n<p>Lerdo, 14 de diciembre 2024.- En el marco de la conmemoraci\u00f3n del D\u00eda Internacional de los Derechos Humanos, el Instituto Municipal de la Mujer (IMM) organiz\u00f3 una significativa actividad en el Teatro de la Casa de la Cultura, dirigida a los estudiantes de la Escuela Lerdo Contempor\u00e1neo. La charla fue impartida por la titular de la Segunda Visitadur\u00eda de los Derechos Humanos Regi\u00f3n Laguna, la Licenciada Sara de los Santos Llamas, quien abord\u00f3 temas de gran relevancia como la violencia de g\u00e9nero y los derechos humanos, fundamentales para garantizar una sociedad m\u00e1s equitativa y libre de discriminaci\u00f3n.<\/p>\n\n\n\n<p>Esta acci\u00f3n enmarca los 16 d\u00edas de activismo contra la violencia de g\u00e9nero, campa\u00f1a internacional que comienza el 25 de noviembre (D\u00eda Internacional para la Eliminaci\u00f3n de la Violencia contra la Mujer) y concluye el 10 de diciembre (D\u00eda de los Derechos Humanos).<\/p>\n\n\n\n<p>Adem\u00e1s, atendiendo las indicaciones del Presidente Municipal Homero Mart\u00ednez Cabrera, el Gobierno de Lerdo trabaja por fortalecer las pol\u00edticas p\u00fablicas en favor de la mujer, enfoc\u00e1ndose en la protecci\u00f3n de sus derechos y el fomento de la igualdad de g\u00e9nero en el municipio. En este sentido, se han impulsado diversas iniciativas que buscan sensibilizar a la poblaci\u00f3n, especialmente a los m\u00e1s j\u00f3venes, sobre la importancia de erradicar la violencia de g\u00e9nero y promover un respeto pleno por los derechos humanos de todas las personas.<\/p>\n\n\n\n<p>Durante la pl\u00e1tica, la Licenciada Sara de los Santos explic\u00f3 la importancia de reconocer diversas formas de violencia de g\u00e9nero, as\u00ed como las leyes y recursos disponibles para las mujeres que se encuentran en situaci\u00f3n de vulnerabilidad. De igual manera, resalt\u00f3 la necesidad de una cultura de respeto y la importancia de involucrar a los j\u00f3venes en la construcci\u00f3n de una sociedad m\u00e1s justa, reconociendo y protegiendo los derechos de las mujeres en todos los \u00e1mbitos.<\/p>\n\n\n\n<p>La directora del Instituto de la Mujer, Mar\u00eda del Refugio Adame G\u00fcereca, agradeci\u00f3 a la Segunda Visitadora de la Comisi\u00f3n de Derechos Humanos, y se\u00f1al\u00f3 que este tipo de capacitaciones permite formar con responsabilidad a las futuras generaciones, encargadas de continuar con la lucha por la igualdad y la erradicaci\u00f3n de cualquier tipo de discriminaci\u00f3n o violencia.<\/p>\n\n\n\n<p>Este tipo de actividades educativas juegan un papel crucial al ayudar a los estudiantes a comprender la trascendencia de los derechos humanos y la violencia de g\u00e9nero en la construcci\u00f3n de una sociedad m\u00e1s inclusiva y libre de conflictos.<\/p>\n\n\n\n<p>Aunado a las pl\u00e1ticas y conferencias, el Instituto de la Mujer en Lerdo brinda diversos servicios de atenci\u00f3n a las mujeres en situaci\u00f3n de violencia, as\u00ed como informaci\u00f3n y asesor\u00eda sobre sus derechos. Quienes deseen conocer m\u00e1s acerca de las actividades y servicios que ofrece la instituci\u00f3n municipal pueden acudir a las instalaciones, ubicadas dentro de la Unidad Administrativa de San Isidro, en la calle Ram\u00f3n Leyva, entre L\u00f3pez Ray\u00f3n y Galeana (colonia San Isidro), en un horario de 8:00 a 16:00 horas de lunes a viernes.<\/p>\n","protected":false},"excerpt":{"rendered":"<p>Lerdo, 14 de diciembre 2024.- En el marco de la conmemoraci\u00f3n del D\u00eda Internacional de los Derechos Humanos, el Instituto Municipal de la Mujer (IMM) organiz\u00f3 una significativa actividad en el Teatro de la Casa de la Cultura, dirigida a los estudiantes de la Escuela Lerdo Contempor\u00e1neo. La charla fue impartida por la titular de [&hellip;]<\/p>\n","protected":false},"author":1,"featured_media":13776,"comment_status":"open","ping_status":"open","sticky":false,"template":"","format":"standard","meta":{"_monsterinsights_skip_tracking":false,"_monsterinsights_sitenote_active":false,"_monsterinsights_sitenote_note":"","_monsterinsights_sitenote_category":0,"footnotes":""},"categories":[1],"tags":[],"_links":{"self":[{"href":"https:\/\/zonalimitrofe-cbnr.com\/index.php\/wp-json\/wp\/v2\/posts\/13775"}],"collection":[{"href":"https:\/\/zonalimitrofe-cbnr.com\/index.php\/wp-json\/wp\/v2\/posts"}],"about":[{"href":"https:\/\/zonalimitrofe-cbnr.com\/index.php\/wp-json\/wp\/v2\/types\/post"}],"author":[{"embeddable":true,"href":"https:\/\/zonalimitrofe-cbnr.com\/index.php\/wp-json\/wp\/v2\/users\/1"}],"replies":[{"embeddable":true,"href":"https:\/\/zonalimitrofe-cbnr.com\/index.php\/wp-json\/wp\/v2\/comments?post=13775"}],"version-history":[{"count":1,"href":"https:\/\/zonalimitrofe-cbnr.com\/index.php\/wp-json\/wp\/v2\/posts\/13775\/revisions"}],"predecessor-version":[{"id":13777,"href":"https:\/\/zonalimitrofe-cbnr.com\/index.php\/wp-json\/wp\/v2\/posts\/13775\/revisions\/13777"}],"wp:featuredmedia":[{"embeddable":true,"href":"https:\/\/zonalimitrofe-cbnr.com\/index.php\/wp-json\/wp\/v2\/media\/13776"}],"wp:attachment":[{"href":"https:\/\/zonalimitrofe-cbnr.com\/index.php\/wp-json\/wp\/v2\/media?parent=13775"}],"wp:term":[{"taxonomy":"category","embeddable":true,"href":"https:\/\/zonalimitrofe-cbnr.com\/index.php\/wp-json\/wp\/v2\/categories?post=13775"},{"taxonomy":"post_tag","embeddable":true,"href":"https:\/\/zonalimitrofe-cbnr.com\/index.php\/wp-json\/wp\/v2\/tags?post=13775"}],"curies":[{"name":"wp","href":"https:\/\/api.w.org\/{rel}","templated":true}]}}