{"id":13717,"date":"2024-12-12T14:05:19","date_gmt":"2024-12-12T20:05:19","guid":{"rendered":"https:\/\/zonalimitrofe-cbnr.com\/?p=13717"},"modified":"2024-12-12T14:05:20","modified_gmt":"2024-12-12T20:05:20","slug":"lerdo-homero-martinez-y-susy-torrecillas-celebran-la-navidad-con-los-medios-de-comunicacion","status":"publish","type":"post","link":"https:\/\/zonalimitrofe-cbnr.com\/index.php\/2024\/12\/12\/lerdo-homero-martinez-y-susy-torrecillas-celebran-la-navidad-con-los-medios-de-comunicacion\/","title":{"rendered":"#Lerdo. HOMERO MART\u00cdNEZ Y SUSY TORRECILLAS CELEBRAN LA NAVIDAD CON LOS MEDIOS DE COMUNICACI\u00d3N*"},"content":{"rendered":"\n<p>Lerdo, 12 de diciembre de 2024.\u2013 La ma\u00f1ana de este jueves, el Presidente Municipal Homero Mart\u00ednez Cabrera, en nombre del Gobierno Municipal de Lerdo dese\u00f3 a los distintos medios de comunicaci\u00f3n felices fiestas.<\/p>\n\n\n\n<p>Acompa\u00f1ado de su esposa la Diputada Susy Torrecillas Salazar, el Alcalde de Lerdo agradeci\u00f3 la cobertura y las atenciones que los representantes de la prensa han tenido, asistiendo a las actividades, los festivales, arranques y entregas de obras que el Gobierno Municipal realiza en favor de la ciudadan\u00eda Lerdense.<\/p>\n\n\n\n<p>\u201cMuchas gracias por el apoyo y por el respaldo que han tenido hacia el Gobierno Municipal\u2026 Nos da mucho gusto estar un a\u00f1o m\u00e1s compartiendo con ustedes alegr\u00edas, y desearles en esta navidad que la pasemos de lo mejor. Y para el 2025, mucha salud para todos ustedes y sus familias\u201d dese\u00f3.<\/p>\n\n\n\n<p>As\u00ed mismo, se\u00f1al\u00f3 que el 2025 ser\u00e1 un a\u00f1o de retos para Lerdo y de cambios, pues concluir\u00e1 su administraci\u00f3n. Adem\u00e1s, destac\u00f3 que entre los grandes y trascendentales proyectos, est\u00e1n: la construcci\u00f3n de edificios municipales propios, sin arrendamientos, por lo que existir\u00e1 un ahorro significativo; la posibilidad de instalar un Hospital de especialidades para el Municipio; el equipamiento y la puesta en funcionamiento del CREE Lerdo, junto con el Gobierno del Estado, por lo que agradeci\u00f3 al Gobernador Esteban Villegas Villarreal.<\/p>\n\n\n\n<p>\u201cEl Gobernador va a poner a funcionar el CREE, va a ser un gran legado para las familias de Lerdo que tienen un ni\u00f1o o ni\u00f1a con discapacidad. As\u00ed como el Hospital, yo considerar\u00eda que estas obras ser\u00e1n de los grandes legados para el Municipio\u201d<\/p>\n\n\n\n<p>Continu\u00f3 \u201cVali\u00f3 la pena pasar por la Presidencia Municipal para poder hacer estas gestiones, que el tema de la salud, ustedes lo saben, es fundamental para las familias de Lerdo\u201d.<\/p>\n\n\n\n<p>Por su parte, la Diputada Susy Torrecillas tambi\u00e9n dese\u00f3 a los medios de comunicaci\u00f3n una feliz Navidad, llena de dicha y amor \u201caprovechemos el tiempo para seguir conviviendo con los que amamos y recordar con amor a los que ya no est\u00e1n\u201d dijo.<\/p>\n","protected":false},"excerpt":{"rendered":"<p>Lerdo, 12 de diciembre de 2024.\u2013 La ma\u00f1ana de este jueves, el Presidente Municipal Homero Mart\u00ednez Cabrera, en nombre del Gobierno Municipal de Lerdo dese\u00f3 a los distintos medios de comunicaci\u00f3n felices fiestas. Acompa\u00f1ado de su esposa la Diputada Susy Torrecillas Salazar, el Alcalde de Lerdo agradeci\u00f3 la cobertura y las atenciones que los representantes [&hellip;]<\/p>\n","protected":false},"author":1,"featured_media":13718,"comment_status":"open","ping_status":"open","sticky":false,"template":"","format":"standard","meta":{"_monsterinsights_skip_tracking":false,"_monsterinsights_sitenote_active":false,"_monsterinsights_sitenote_note":"","_monsterinsights_sitenote_category":0,"footnotes":""},"categories":[1],"tags":[],"_links":{"self":[{"href":"https:\/\/zonalimitrofe-cbnr.com\/index.php\/wp-json\/wp\/v2\/posts\/13717"}],"collection":[{"href":"https:\/\/zonalimitrofe-cbnr.com\/index.php\/wp-json\/wp\/v2\/posts"}],"about":[{"href":"https:\/\/zonalimitrofe-cbnr.com\/index.php\/wp-json\/wp\/v2\/types\/post"}],"author":[{"embeddable":true,"href":"https:\/\/zonalimitrofe-cbnr.com\/index.php\/wp-json\/wp\/v2\/users\/1"}],"replies":[{"embeddable":true,"href":"https:\/\/zonalimitrofe-cbnr.com\/index.php\/wp-json\/wp\/v2\/comments?post=13717"}],"version-history":[{"count":1,"href":"https:\/\/zonalimitrofe-cbnr.com\/index.php\/wp-json\/wp\/v2\/posts\/13717\/revisions"}],"predecessor-version":[{"id":13719,"href":"https:\/\/zonalimitrofe-cbnr.com\/index.php\/wp-json\/wp\/v2\/posts\/13717\/revisions\/13719"}],"wp:featuredmedia":[{"embeddable":true,"href":"https:\/\/zonalimitrofe-cbnr.com\/index.php\/wp-json\/wp\/v2\/media\/13718"}],"wp:attachment":[{"href":"https:\/\/zonalimitrofe-cbnr.com\/index.php\/wp-json\/wp\/v2\/media?parent=13717"}],"wp:term":[{"taxonomy":"category","embeddable":true,"href":"https:\/\/zonalimitrofe-cbnr.com\/index.php\/wp-json\/wp\/v2\/categories?post=13717"},{"taxonomy":"post_tag","embeddable":true,"href":"https:\/\/zonalimitrofe-cbnr.com\/index.php\/wp-json\/wp\/v2\/tags?post=13717"}],"curies":[{"name":"wp","href":"https:\/\/api.w.org\/{rel}","templated":true}]}}